{"id":6739,"date":"2024-04-21T19:59:43","date_gmt":"2024-04-21T17:59:43","guid":{"rendered":"https:\/\/vidamarina.info\/?p=6739"},"modified":"2026-06-27T13:17:37","modified_gmt":"2026-06-27T11:17:37","slug":"muestreo-de-biodiversidad-marina-en-platja-daro-abril-2024","status":"publish","type":"post","link":"https:\/\/vidamarina.info\/?p=6739","title":{"rendered":"Muestreo de Biodiversidad Marina en Platja d&#8217;Aro (Abril 2024)"},"content":{"rendered":"<p>Voluntarios de VIMAR participaron el pasado 20 de abril de 2024 en el primer muestreo de biodiversidad realizado en Platja d&#8217;Aro (Girona, Espa\u00f1a), organizado por <a href=\"https:\/\/fecdas.cat\">FECDAS<\/a> dentro del proyecto <a href=\"https:\/\/aneris.eu\/\">ANERIS<\/a>, con el soporte log\u00edstico del centro de buceo <a href=\"https:\/\/www.diversdiving.es\">DIVERS<\/a>.<\/p>\n<div id=\"attachment_6828\" style=\"width: 910px\" class=\"wp-caption aligncenter\"><img data-recalc-dims=\"1\" loading=\"lazy\" decoding=\"async\" aria-describedby=\"caption-attachment-6828\" data-attachment-id=\"6828\" data-permalink=\"https:\/\/vidamarina.info\/?attachment_id=6828\" data-orig-file=\"https:\/\/i0.wp.com\/vidamarina.info\/wp-content\/uploads\/Platja_dAro.jpg?fit=2016%2C1134&amp;ssl=1\" data-orig-size=\"2016,1134\" data-comments-opened=\"1\" data-image-title=\"Participantes en la salida a la Roca Roja el 20\/04\/2024\" data-image-description=\"&lt;p&gt;Participantes en la salida a la Roca Roja el 20\/04\/2024&lt;\/p&gt;\n\" data-image-caption=\"&lt;p&gt;Participantes en la salida a la Roca Roja el 20\/04\/2024&lt;\/p&gt;\n\" data-large-file=\"https:\/\/i0.wp.com\/vidamarina.info\/wp-content\/uploads\/Platja_dAro.jpg?fit=900%2C506&amp;ssl=1\" class=\"wp-image-6828 size-large\" src=\"https:\/\/i0.wp.com\/vidamarina.info\/wp-content\/uploads\/Platja_dAro.jpg?resize=900%2C506&#038;ssl=1\" alt=\"Participantes en la salida a la Roca Roja el 20\/04\/2024\" width=\"900\" height=\"506\" srcset=\"https:\/\/i0.wp.com\/vidamarina.info\/wp-content\/uploads\/Platja_dAro.jpg?resize=1024%2C576&amp;ssl=1 1024w, https:\/\/i0.wp.com\/vidamarina.info\/wp-content\/uploads\/Platja_dAro.jpg?resize=300%2C169&amp;ssl=1 300w, https:\/\/i0.wp.com\/vidamarina.info\/wp-content\/uploads\/Platja_dAro.jpg?resize=768%2C432&amp;ssl=1 768w, https:\/\/i0.wp.com\/vidamarina.info\/wp-content\/uploads\/Platja_dAro.jpg?resize=1536%2C864&amp;ssl=1 1536w, https:\/\/i0.wp.com\/vidamarina.info\/wp-content\/uploads\/Platja_dAro.jpg?resize=150%2C84&amp;ssl=1 150w, https:\/\/i0.wp.com\/vidamarina.info\/wp-content\/uploads\/Platja_dAro.jpg?w=2016&amp;ssl=1 2016w, https:\/\/i0.wp.com\/vidamarina.info\/wp-content\/uploads\/Platja_dAro.jpg?w=1800&amp;ssl=1 1800w\" sizes=\"auto, (max-width: 900px) 100vw, 900px\" \/><p id=\"caption-attachment-6828\" class=\"wp-caption-text\">Participantes en la salida a la Roca Roja el 20\/04\/2024<\/p><\/div>\n<p>El punto de buceo visitado fu\u00e9 la Roca Roja, situada a medio camino entre Palam\u00f3s y Platja d&#8217;Aro (nuestro puerto base), a la que llegamos tras unos 20 minutos de navegaci\u00f3n. La Roca Roja es una peque\u00f1a monta\u00f1a submarina de unos 200 metros de largo cuya parte mas alta est\u00e1 situada a unos 9 metros de profundidad y su parte m\u00e1s profunda se encuentra en el fondo de arena situado entre los 24 metros en su lado m\u00e1s cercano a tierra y los 32 metros en su lado m\u00e1s oriental. Dispone de una boya, fondeada en su parte media a unos 16 metros, que permite a los buceadores acceder a la roca con seguridad incluso con la presencia de corrientes submarinas, bastante frecuentes en la zona.<\/p>\n<div id=\"attachment_6742\" style=\"width: 522px\" class=\"wp-caption aligncenter\"><img data-recalc-dims=\"1\" loading=\"lazy\" decoding=\"async\" aria-describedby=\"caption-attachment-6742\" data-attachment-id=\"6742\" data-permalink=\"https:\/\/vidamarina.info\/?attachment_id=6742\" data-orig-file=\"https:\/\/i0.wp.com\/vidamarina.info\/wp-content\/uploads\/rocaroja.jpg?fit=512%2C311&amp;ssl=1\" data-orig-size=\"512,311\" data-comments-opened=\"1\" data-image-title=\"Esquema de la Roca Roja\" data-image-description=\"&lt;p&gt;Esquema de la Roca Roja&lt;\/p&gt;\n\" data-image-caption=\"&lt;p&gt;Esquema de la Roca Roja. Editorial Anthias.&lt;\/p&gt;\n\" data-large-file=\"https:\/\/i0.wp.com\/vidamarina.info\/wp-content\/uploads\/rocaroja.jpg?fit=512%2C311&amp;ssl=1\" class=\"wp-image-6742 size-full\" src=\"https:\/\/i0.wp.com\/vidamarina.info\/wp-content\/uploads\/rocaroja.jpg?resize=512%2C311&#038;ssl=1\" alt=\"Esquema de la Roca Roja\" width=\"512\" height=\"311\" srcset=\"https:\/\/i0.wp.com\/vidamarina.info\/wp-content\/uploads\/rocaroja.jpg?w=512&amp;ssl=1 512w, https:\/\/i0.wp.com\/vidamarina.info\/wp-content\/uploads\/rocaroja.jpg?resize=300%2C182&amp;ssl=1 300w, https:\/\/i0.wp.com\/vidamarina.info\/wp-content\/uploads\/rocaroja.jpg?resize=150%2C91&amp;ssl=1 150w\" sizes=\"auto, (max-width: 512px) 100vw, 512px\" \/><p id=\"caption-attachment-6742\" class=\"wp-caption-text\">Esquema de la inmersi\u00f3n en la Roca Roja. Editorial Anthias.<\/p><\/div>\n<p>La roca est\u00e1 plagada de grietas y agujeros en los que es muy probable hallar todo tipo de fauna bent\u00f3nica. Si la visibilidad acompa\u00f1a, al final de la inmersi\u00f3n es posible ver alg\u00fan pel\u00e1gico (barracudas o atunes) que rondan al acecho de alguna presa en la zona menos profunda.<\/p>\n<p>Durante esta salida se recopilaron gran cantidad de observaciones que, en forma de fotograf\u00edas hechas en el medio natural, se subieron al portal de ciencia ciudadana <a href=\"https:\/\/minka-sdg.org\">MINKA<\/a>, gestionada por investigadores del <a href=\"https:\/\/www.icm.csic.es\/\">ICM-CSIC<\/a>, y de las que os compartimos una peque\u00f1a muestra:<\/p>\n<div class=\"tiled-gallery type-rectangular tiled-gallery-unresized\" data-original-width=\"900\" data-carousel-extra='{&quot;blog_id&quot;:1,&quot;permalink&quot;:&quot;https:\\\/\\\/vidamarina.info\\\/?p=6739&quot;,&quot;likes_blog_id&quot;:154402126}' itemscope itemtype=\"http:\/\/schema.org\/ImageGallery\" > <div class=\"gallery-row\" style=\"width: 900px; height: 336px;\" data-original-width=\"900\" data-original-height=\"336\" > <div class=\"gallery-group images-1\" style=\"width: 225px; height: 336px;\" data-original-width=\"225\" data-original-height=\"336\" > <div class=\"tiled-gallery-item tiled-gallery-item-small\" itemprop=\"associatedMedia\" itemscope itemtype=\"http:\/\/schema.org\/ImageObject\"> <a href=\"https:\/\/vidamarina.info\/?attachment_id=6743\" border=\"0\" itemprop=\"url\"> <meta itemprop=\"width\" content=\"221\"> <meta itemprop=\"height\" content=\"332\"> <img decoding=\"async\" class=\"\" data-attachment-id=\"6743\" data-orig-file=\"https:\/\/vidamarina.info\/wp-content\/uploads\/MPG_0545.jpg\" data-orig-size=\"1024,1536\" data-comments-opened=\"1\" data-image-title=\"Padina pavonica por Miquel Pontes\" data-image-description=\"&lt;p&gt;Padina pavonica por Miquel Pontes&lt;\/p&gt; \" data-medium-file=\"https:\/\/i0.wp.com\/vidamarina.info\/wp-content\/uploads\/MPG_0545.jpg?fit=200%2C300&#038;ssl=1\" data-large-file=\"https:\/\/i0.wp.com\/vidamarina.info\/wp-content\/uploads\/MPG_0545.jpg?fit=683%2C1024&#038;ssl=1\" src=\"https:\/\/i0.wp.com\/vidamarina.info\/wp-content\/uploads\/MPG_0545.jpg?w=221&#038;h=332&#038;ssl=1\" srcset=\"https:\/\/i0.wp.com\/vidamarina.info\/wp-content\/uploads\/MPG_0545.jpg?w=1024&amp;ssl=1 1024w, https:\/\/i0.wp.com\/vidamarina.info\/wp-content\/uploads\/MPG_0545.jpg?resize=200%2C300&amp;ssl=1 200w, https:\/\/i0.wp.com\/vidamarina.info\/wp-content\/uploads\/MPG_0545.jpg?resize=683%2C1024&amp;ssl=1 683w, https:\/\/i0.wp.com\/vidamarina.info\/wp-content\/uploads\/MPG_0545.jpg?resize=768%2C1152&amp;ssl=1 768w, https:\/\/i0.wp.com\/vidamarina.info\/wp-content\/uploads\/MPG_0545.jpg?resize=100%2C150&amp;ssl=1 100w\" width=\"221\" height=\"332\" loading=\"lazy\" data-original-width=\"221\" data-original-height=\"332\" itemprop=\"http:\/\/schema.org\/image\" title=\"Padina pavonica por Miquel Pontes\" alt=\"Padina pavonica por Miquel Pontes\" style=\"width: 221px; height: 332px;\" \/> <\/a> <div class=\"tiled-gallery-caption\" itemprop=\"caption description\"> Padina pavonica por Miquel Pontes <\/div> <\/div> <\/div> <!-- close group --> <div class=\"gallery-group images-1\" style=\"width: 225px; height: 336px;\" data-original-width=\"225\" data-original-height=\"336\" > <div class=\"tiled-gallery-item tiled-gallery-item-small\" itemprop=\"associatedMedia\" itemscope itemtype=\"http:\/\/schema.org\/ImageObject\"> <a href=\"https:\/\/vidamarina.info\/?attachment_id=6744\" border=\"0\" itemprop=\"url\"> <meta itemprop=\"width\" content=\"221\"> <meta itemprop=\"height\" content=\"332\"> <img decoding=\"async\" class=\"\" data-attachment-id=\"6744\" data-orig-file=\"https:\/\/vidamarina.info\/wp-content\/uploads\/MPG_0549-1.jpg\" data-orig-size=\"1024,1536\" data-comments-opened=\"1\" data-image-title=\"Cerianthus membranaceus por Miquel Pontes\" data-image-description=\"&lt;p&gt;Cerianthus membranaceus por Miquel Pontes&lt;\/p&gt; \" data-medium-file=\"https:\/\/i0.wp.com\/vidamarina.info\/wp-content\/uploads\/MPG_0549-1.jpg?fit=200%2C300&#038;ssl=1\" data-large-file=\"https:\/\/i0.wp.com\/vidamarina.info\/wp-content\/uploads\/MPG_0549-1.jpg?fit=683%2C1024&#038;ssl=1\" src=\"https:\/\/i0.wp.com\/vidamarina.info\/wp-content\/uploads\/MPG_0549-1.jpg?w=221&#038;h=332&#038;ssl=1\" srcset=\"https:\/\/i0.wp.com\/vidamarina.info\/wp-content\/uploads\/MPG_0549-1.jpg?w=1024&amp;ssl=1 1024w, https:\/\/i0.wp.com\/vidamarina.info\/wp-content\/uploads\/MPG_0549-1.jpg?resize=200%2C300&amp;ssl=1 200w, https:\/\/i0.wp.com\/vidamarina.info\/wp-content\/uploads\/MPG_0549-1.jpg?resize=683%2C1024&amp;ssl=1 683w, https:\/\/i0.wp.com\/vidamarina.info\/wp-content\/uploads\/MPG_0549-1.jpg?resize=768%2C1152&amp;ssl=1 768w, https:\/\/i0.wp.com\/vidamarina.info\/wp-content\/uploads\/MPG_0549-1.jpg?resize=100%2C150&amp;ssl=1 100w\" width=\"221\" height=\"332\" loading=\"lazy\" data-original-width=\"221\" data-original-height=\"332\" itemprop=\"http:\/\/schema.org\/image\" title=\"Cerianthus membranaceus por Miquel Pontes\" alt=\"Cerianthus membranaceus por Miquel Pontes\" style=\"width: 221px; height: 332px;\" \/> <\/a> <div class=\"tiled-gallery-caption\" itemprop=\"caption description\"> Cerianthus membranaceus por Miquel Pontes <\/div> <\/div> <\/div> <!-- close group --> <div class=\"gallery-group images-1\" style=\"width: 225px; height: 336px;\" data-original-width=\"225\" data-original-height=\"336\" > <div class=\"tiled-gallery-item tiled-gallery-item-small\" itemprop=\"associatedMedia\" itemscope itemtype=\"http:\/\/schema.org\/ImageObject\"> <a href=\"https:\/\/vidamarina.info\/?attachment_id=6745\" border=\"0\" itemprop=\"url\"> <meta itemprop=\"width\" content=\"221\"> <meta itemprop=\"height\" content=\"332\"> <img decoding=\"async\" class=\"\" data-attachment-id=\"6745\" data-orig-file=\"https:\/\/vidamarina.info\/wp-content\/uploads\/MPG_0551-1.jpg\" data-orig-size=\"1024,1536\" data-comments-opened=\"1\" data-image-title=\"Cratena peregrina por Miquel Pontes\" data-image-description=\"&lt;p&gt;Cratena peregrina por Miquel Pontes&lt;\/p&gt; \" data-medium-file=\"https:\/\/i0.wp.com\/vidamarina.info\/wp-content\/uploads\/MPG_0551-1.jpg?fit=200%2C300&#038;ssl=1\" data-large-file=\"https:\/\/i0.wp.com\/vidamarina.info\/wp-content\/uploads\/MPG_0551-1.jpg?fit=683%2C1024&#038;ssl=1\" src=\"https:\/\/i0.wp.com\/vidamarina.info\/wp-content\/uploads\/MPG_0551-1.jpg?w=221&#038;h=332&#038;ssl=1\" srcset=\"https:\/\/i0.wp.com\/vidamarina.info\/wp-content\/uploads\/MPG_0551-1.jpg?w=1024&amp;ssl=1 1024w, https:\/\/i0.wp.com\/vidamarina.info\/wp-content\/uploads\/MPG_0551-1.jpg?resize=200%2C300&amp;ssl=1 200w, https:\/\/i0.wp.com\/vidamarina.info\/wp-content\/uploads\/MPG_0551-1.jpg?resize=683%2C1024&amp;ssl=1 683w, https:\/\/i0.wp.com\/vidamarina.info\/wp-content\/uploads\/MPG_0551-1.jpg?resize=768%2C1152&amp;ssl=1 768w, https:\/\/i0.wp.com\/vidamarina.info\/wp-content\/uploads\/MPG_0551-1.jpg?resize=100%2C150&amp;ssl=1 100w\" width=\"221\" height=\"332\" loading=\"lazy\" data-original-width=\"221\" data-original-height=\"332\" itemprop=\"http:\/\/schema.org\/image\" title=\"Cratena peregrina por Miquel Pontes\" alt=\"Cratena peregrina por Miquel Pontes\" style=\"width: 221px; height: 332px;\" \/> <\/a> <div class=\"tiled-gallery-caption\" itemprop=\"caption description\"> Cratena peregrina por Miquel Pontes <\/div> <\/div> <\/div> <!-- close group --> <div class=\"gallery-group images-1\" style=\"width: 225px; height: 336px;\" data-original-width=\"225\" data-original-height=\"336\" > <div class=\"tiled-gallery-item tiled-gallery-item-small\" itemprop=\"associatedMedia\" itemscope itemtype=\"http:\/\/schema.org\/ImageObject\"> <a href=\"https:\/\/vidamarina.info\/?attachment_id=6746\" border=\"0\" itemprop=\"url\"> <meta itemprop=\"width\" content=\"221\"> <meta itemprop=\"height\" content=\"332\"> <img decoding=\"async\" class=\"\" data-attachment-id=\"6746\" data-orig-file=\"https:\/\/vidamarina.info\/wp-content\/uploads\/MPG_0554-1.jpg\" data-orig-size=\"1024,1536\" data-comments-opened=\"1\" data-image-title=\"Leptopsammia pruvoti por Miquel Pontes\" data-image-description=\"&lt;p&gt;Leptopsammia pruvoti por Miquel Pontes&lt;\/p&gt; \" data-medium-file=\"https:\/\/i0.wp.com\/vidamarina.info\/wp-content\/uploads\/MPG_0554-1.jpg?fit=200%2C300&#038;ssl=1\" data-large-file=\"https:\/\/i0.wp.com\/vidamarina.info\/wp-content\/uploads\/MPG_0554-1.jpg?fit=683%2C1024&#038;ssl=1\" src=\"https:\/\/i0.wp.com\/vidamarina.info\/wp-content\/uploads\/MPG_0554-1.jpg?w=221&#038;h=332&#038;ssl=1\" srcset=\"https:\/\/i0.wp.com\/vidamarina.info\/wp-content\/uploads\/MPG_0554-1.jpg?w=1024&amp;ssl=1 1024w, https:\/\/i0.wp.com\/vidamarina.info\/wp-content\/uploads\/MPG_0554-1.jpg?resize=200%2C300&amp;ssl=1 200w, https:\/\/i0.wp.com\/vidamarina.info\/wp-content\/uploads\/MPG_0554-1.jpg?resize=683%2C1024&amp;ssl=1 683w, https:\/\/i0.wp.com\/vidamarina.info\/wp-content\/uploads\/MPG_0554-1.jpg?resize=768%2C1152&amp;ssl=1 768w, https:\/\/i0.wp.com\/vidamarina.info\/wp-content\/uploads\/MPG_0554-1.jpg?resize=100%2C150&amp;ssl=1 100w\" width=\"221\" height=\"332\" loading=\"lazy\" data-original-width=\"221\" data-original-height=\"332\" itemprop=\"http:\/\/schema.org\/image\" title=\"Leptopsammia pruvoti por Miquel Pontes\" alt=\"Leptopsammia pruvoti por Miquel Pontes\" style=\"width: 221px; height: 332px;\" \/> <\/a> <div class=\"tiled-gallery-caption\" itemprop=\"caption description\"> Leptopsammia pruvoti por Miquel Pontes <\/div> <\/div> <\/div> <!-- close group --> <\/div> <!-- close row --> <div class=\"gallery-row\" style=\"width: 900px; height: 448px;\" data-original-width=\"900\" data-original-height=\"448\" > <div class=\"gallery-group images-1\" style=\"width: 300px; height: 448px;\" data-original-width=\"300\" data-original-height=\"448\" > <div class=\"tiled-gallery-item tiled-gallery-item-large\" itemprop=\"associatedMedia\" itemscope itemtype=\"http:\/\/schema.org\/ImageObject\"> <a href=\"https:\/\/vidamarina.info\/?attachment_id=6747\" border=\"0\" itemprop=\"url\"> <meta itemprop=\"width\" content=\"296\"> <meta itemprop=\"height\" content=\"444\"> <img decoding=\"async\" class=\"\" data-attachment-id=\"6747\" data-orig-file=\"https:\/\/vidamarina.info\/wp-content\/uploads\/MPG_0555-1.jpg\" data-orig-size=\"1024,1536\" data-comments-opened=\"1\" data-image-title=\"Pentapora fascialis por Miquel Pontes\" data-image-description=\"&lt;p&gt;Pentapora fascialis por Miquel Pontes&lt;\/p&gt; \" data-medium-file=\"https:\/\/i0.wp.com\/vidamarina.info\/wp-content\/uploads\/MPG_0555-1.jpg?fit=200%2C300&#038;ssl=1\" data-large-file=\"https:\/\/i0.wp.com\/vidamarina.info\/wp-content\/uploads\/MPG_0555-1.jpg?fit=683%2C1024&#038;ssl=1\" src=\"https:\/\/i0.wp.com\/vidamarina.info\/wp-content\/uploads\/MPG_0555-1.jpg?w=296&#038;h=444&#038;ssl=1\" srcset=\"https:\/\/i0.wp.com\/vidamarina.info\/wp-content\/uploads\/MPG_0555-1.jpg?w=1024&amp;ssl=1 1024w, https:\/\/i0.wp.com\/vidamarina.info\/wp-content\/uploads\/MPG_0555-1.jpg?resize=200%2C300&amp;ssl=1 200w, https:\/\/i0.wp.com\/vidamarina.info\/wp-content\/uploads\/MPG_0555-1.jpg?resize=683%2C1024&amp;ssl=1 683w, https:\/\/i0.wp.com\/vidamarina.info\/wp-content\/uploads\/MPG_0555-1.jpg?resize=768%2C1152&amp;ssl=1 768w, https:\/\/i0.wp.com\/vidamarina.info\/wp-content\/uploads\/MPG_0555-1.jpg?resize=100%2C150&amp;ssl=1 100w\" width=\"296\" height=\"444\" loading=\"lazy\" data-original-width=\"296\" data-original-height=\"444\" itemprop=\"http:\/\/schema.org\/image\" title=\"Pentapora fascialis por Miquel Pontes\" alt=\"Pentapora fascialis por Miquel Pontes\" style=\"width: 296px; height: 444px;\" \/> <\/a> <div class=\"tiled-gallery-caption\" itemprop=\"caption description\"> Pentapora fascialis por Miquel Pontes <\/div> <\/div> <\/div> <!-- close group --> <div class=\"gallery-group images-1\" style=\"width: 300px; height: 448px;\" data-original-width=\"300\" data-original-height=\"448\" > <div class=\"tiled-gallery-item tiled-gallery-item-large\" itemprop=\"associatedMedia\" itemscope itemtype=\"http:\/\/schema.org\/ImageObject\"> <a href=\"https:\/\/vidamarina.info\/?attachment_id=6748\" border=\"0\" itemprop=\"url\"> <meta itemprop=\"width\" content=\"296\"> <meta itemprop=\"height\" content=\"444\"> <img decoding=\"async\" class=\"\" data-attachment-id=\"6748\" data-orig-file=\"https:\/\/vidamarina.info\/wp-content\/uploads\/MPG_0558.jpg\" data-orig-size=\"1024,1536\" data-comments-opened=\"1\" data-image-title=\"Phorbas topsenti por Miquel Pontes\" data-image-description=\"&lt;p&gt;Phorbas topsenti por Miquel Pontes&lt;\/p&gt; \" data-medium-file=\"https:\/\/i0.wp.com\/vidamarina.info\/wp-content\/uploads\/MPG_0558.jpg?fit=200%2C300&#038;ssl=1\" data-large-file=\"https:\/\/i0.wp.com\/vidamarina.info\/wp-content\/uploads\/MPG_0558.jpg?fit=683%2C1024&#038;ssl=1\" src=\"https:\/\/i0.wp.com\/vidamarina.info\/wp-content\/uploads\/MPG_0558.jpg?w=296&#038;h=444&#038;ssl=1\" srcset=\"https:\/\/i0.wp.com\/vidamarina.info\/wp-content\/uploads\/MPG_0558.jpg?w=1024&amp;ssl=1 1024w, https:\/\/i0.wp.com\/vidamarina.info\/wp-content\/uploads\/MPG_0558.jpg?resize=200%2C300&amp;ssl=1 200w, https:\/\/i0.wp.com\/vidamarina.info\/wp-content\/uploads\/MPG_0558.jpg?resize=683%2C1024&amp;ssl=1 683w, https:\/\/i0.wp.com\/vidamarina.info\/wp-content\/uploads\/MPG_0558.jpg?resize=768%2C1152&amp;ssl=1 768w, https:\/\/i0.wp.com\/vidamarina.info\/wp-content\/uploads\/MPG_0558.jpg?resize=100%2C150&amp;ssl=1 100w\" width=\"296\" height=\"444\" loading=\"lazy\" data-original-width=\"296\" data-original-height=\"444\" itemprop=\"http:\/\/schema.org\/image\" title=\"Phorbas topsenti por Miquel Pontes\" alt=\"Phorbas topsenti por Miquel Pontes\" style=\"width: 296px; height: 444px;\" \/> <\/a> <div class=\"tiled-gallery-caption\" itemprop=\"caption description\"> Phorbas topsenti por Miquel Pontes <\/div> <\/div> <\/div> <!-- close group --> <div class=\"gallery-group images-1\" style=\"width: 300px; height: 448px;\" data-original-width=\"300\" data-original-height=\"448\" > <div class=\"tiled-gallery-item tiled-gallery-item-large\" itemprop=\"associatedMedia\" itemscope itemtype=\"http:\/\/schema.org\/ImageObject\"> <a href=\"https:\/\/vidamarina.info\/?attachment_id=6749\" border=\"0\" itemprop=\"url\"> <meta itemprop=\"width\" content=\"296\"> <meta itemprop=\"height\" content=\"444\"> <img decoding=\"async\" class=\"\" data-attachment-id=\"6749\" data-orig-file=\"https:\/\/vidamarina.info\/wp-content\/uploads\/MPG_0561.jpg\" data-orig-size=\"1024,1536\" data-comments-opened=\"1\" data-image-title=\"Prostheceraeus roseus por Miquel Pontes\" data-image-description=\"&lt;p&gt;Prostheceraeus roseus por Miquel Pontes&lt;\/p&gt; \" data-medium-file=\"https:\/\/i0.wp.com\/vidamarina.info\/wp-content\/uploads\/MPG_0561.jpg?fit=200%2C300&#038;ssl=1\" data-large-file=\"https:\/\/i0.wp.com\/vidamarina.info\/wp-content\/uploads\/MPG_0561.jpg?fit=683%2C1024&#038;ssl=1\" src=\"https:\/\/i0.wp.com\/vidamarina.info\/wp-content\/uploads\/MPG_0561.jpg?w=296&#038;h=444&#038;ssl=1\" srcset=\"https:\/\/i0.wp.com\/vidamarina.info\/wp-content\/uploads\/MPG_0561.jpg?w=1024&amp;ssl=1 1024w, https:\/\/i0.wp.com\/vidamarina.info\/wp-content\/uploads\/MPG_0561.jpg?resize=200%2C300&amp;ssl=1 200w, https:\/\/i0.wp.com\/vidamarina.info\/wp-content\/uploads\/MPG_0561.jpg?resize=683%2C1024&amp;ssl=1 683w, https:\/\/i0.wp.com\/vidamarina.info\/wp-content\/uploads\/MPG_0561.jpg?resize=768%2C1152&amp;ssl=1 768w, https:\/\/i0.wp.com\/vidamarina.info\/wp-content\/uploads\/MPG_0561.jpg?resize=100%2C150&amp;ssl=1 100w\" width=\"296\" height=\"444\" loading=\"lazy\" data-original-width=\"296\" data-original-height=\"444\" itemprop=\"http:\/\/schema.org\/image\" title=\"Prostheceraeus roseus por Miquel Pontes\" alt=\"Prostheceraeus roseus por Miquel Pontes\" style=\"width: 296px; height: 444px;\" \/> <\/a> <div class=\"tiled-gallery-caption\" itemprop=\"caption description\"> Prostheceraeus roseus por Miquel Pontes <\/div> <\/div> <\/div> <!-- close group --> <\/div> <!-- close row --> <div class=\"gallery-row\" style=\"width: 900px; height: 336px;\" data-original-width=\"900\" data-original-height=\"336\" > <div class=\"gallery-group images-1\" style=\"width: 225px; height: 336px;\" data-original-width=\"225\" data-original-height=\"336\" > <div class=\"tiled-gallery-item tiled-gallery-item-small\" itemprop=\"associatedMedia\" itemscope itemtype=\"http:\/\/schema.org\/ImageObject\"> <a href=\"https:\/\/vidamarina.info\/?attachment_id=6750\" border=\"0\" itemprop=\"url\"> <meta itemprop=\"width\" content=\"221\"> <meta itemprop=\"height\" content=\"332\"> <img decoding=\"async\" class=\"\" data-attachment-id=\"6750\" data-orig-file=\"https:\/\/vidamarina.info\/wp-content\/uploads\/MPG_0562.jpg\" data-orig-size=\"1024,1536\" data-comments-opened=\"1\" data-image-title=\"Cratena peregrina por Miquel Pontes\" data-image-description=\"&lt;p&gt;Cratena peregrina por Miquel Pontes&lt;\/p&gt; \" data-medium-file=\"https:\/\/i0.wp.com\/vidamarina.info\/wp-content\/uploads\/MPG_0562.jpg?fit=200%2C300&#038;ssl=1\" data-large-file=\"https:\/\/i0.wp.com\/vidamarina.info\/wp-content\/uploads\/MPG_0562.jpg?fit=683%2C1024&#038;ssl=1\" src=\"https:\/\/i0.wp.com\/vidamarina.info\/wp-content\/uploads\/MPG_0562.jpg?w=221&#038;h=332&#038;ssl=1\" srcset=\"https:\/\/i0.wp.com\/vidamarina.info\/wp-content\/uploads\/MPG_0562.jpg?w=1024&amp;ssl=1 1024w, https:\/\/i0.wp.com\/vidamarina.info\/wp-content\/uploads\/MPG_0562.jpg?resize=200%2C300&amp;ssl=1 200w, https:\/\/i0.wp.com\/vidamarina.info\/wp-content\/uploads\/MPG_0562.jpg?resize=683%2C1024&amp;ssl=1 683w, https:\/\/i0.wp.com\/vidamarina.info\/wp-content\/uploads\/MPG_0562.jpg?resize=768%2C1152&amp;ssl=1 768w, https:\/\/i0.wp.com\/vidamarina.info\/wp-content\/uploads\/MPG_0562.jpg?resize=100%2C150&amp;ssl=1 100w\" width=\"221\" height=\"332\" loading=\"lazy\" data-original-width=\"221\" data-original-height=\"332\" itemprop=\"http:\/\/schema.org\/image\" title=\"Cratena peregrina por Miquel Pontes\" alt=\"Cratena peregrina por Miquel Pontes\" style=\"width: 221px; height: 332px;\" \/> <\/a> <div class=\"tiled-gallery-caption\" itemprop=\"caption description\"> Cratena peregrina por Miquel Pontes <\/div> <\/div> <\/div> <!-- close group --> <div class=\"gallery-group images-1\" style=\"width: 225px; height: 336px;\" data-original-width=\"225\" data-original-height=\"336\" > <div class=\"tiled-gallery-item tiled-gallery-item-small\" itemprop=\"associatedMedia\" itemscope itemtype=\"http:\/\/schema.org\/ImageObject\"> <a href=\"https:\/\/vidamarina.info\/?attachment_id=6751\" border=\"0\" itemprop=\"url\"> <meta itemprop=\"width\" content=\"221\"> <meta itemprop=\"height\" content=\"332\"> <img decoding=\"async\" class=\"\" data-attachment-id=\"6751\" data-orig-file=\"https:\/\/vidamarina.info\/wp-content\/uploads\/MPG_0565.jpg\" data-orig-size=\"1024,1536\" data-comments-opened=\"1\" data-image-title=\"Pseudodistoma crucigaster por Miquel Pontes\" data-image-description=\"&lt;p&gt;Pseudodistoma crucigaster por Miquel Pontes&lt;\/p&gt; \" data-medium-file=\"https:\/\/i0.wp.com\/vidamarina.info\/wp-content\/uploads\/MPG_0565.jpg?fit=200%2C300&#038;ssl=1\" data-large-file=\"https:\/\/i0.wp.com\/vidamarina.info\/wp-content\/uploads\/MPG_0565.jpg?fit=683%2C1024&#038;ssl=1\" src=\"https:\/\/i0.wp.com\/vidamarina.info\/wp-content\/uploads\/MPG_0565.jpg?w=221&#038;h=332&#038;ssl=1\" srcset=\"https:\/\/i0.wp.com\/vidamarina.info\/wp-content\/uploads\/MPG_0565.jpg?w=1024&amp;ssl=1 1024w, https:\/\/i0.wp.com\/vidamarina.info\/wp-content\/uploads\/MPG_0565.jpg?resize=200%2C300&amp;ssl=1 200w, https:\/\/i0.wp.com\/vidamarina.info\/wp-content\/uploads\/MPG_0565.jpg?resize=683%2C1024&amp;ssl=1 683w, https:\/\/i0.wp.com\/vidamarina.info\/wp-content\/uploads\/MPG_0565.jpg?resize=768%2C1152&amp;ssl=1 768w, https:\/\/i0.wp.com\/vidamarina.info\/wp-content\/uploads\/MPG_0565.jpg?resize=100%2C150&amp;ssl=1 100w\" width=\"221\" height=\"332\" loading=\"lazy\" data-original-width=\"221\" data-original-height=\"332\" itemprop=\"http:\/\/schema.org\/image\" title=\"Pseudodistoma crucigaster por Miquel Pontes\" alt=\"Pseudodistoma crucigaster por Miquel Pontes\" style=\"width: 221px; height: 332px;\" \/> <\/a> <div class=\"tiled-gallery-caption\" itemprop=\"caption description\"> Pseudodistoma crucigaster por Miquel Pontes <\/div> <\/div> <\/div> <!-- close group --> <div class=\"gallery-group images-1\" style=\"width: 225px; height: 336px;\" data-original-width=\"225\" data-original-height=\"336\" > <div class=\"tiled-gallery-item tiled-gallery-item-small\" itemprop=\"associatedMedia\" itemscope itemtype=\"http:\/\/schema.org\/ImageObject\"> <a href=\"https:\/\/vidamarina.info\/?attachment_id=6752\" border=\"0\" itemprop=\"url\"> <meta itemprop=\"width\" content=\"221\"> <meta itemprop=\"height\" content=\"332\"> <img decoding=\"async\" class=\"\" data-attachment-id=\"6752\" data-orig-file=\"https:\/\/vidamarina.info\/wp-content\/uploads\/MPG_0570.jpg\" data-orig-size=\"1024,1536\" data-comments-opened=\"1\" data-image-title=\"Cratena peregrina por Miquel Pontes\" data-image-description=\"&lt;p&gt;Cratena peregrina por Miquel Pontes&lt;\/p&gt; \" data-medium-file=\"https:\/\/i0.wp.com\/vidamarina.info\/wp-content\/uploads\/MPG_0570.jpg?fit=200%2C300&#038;ssl=1\" data-large-file=\"https:\/\/i0.wp.com\/vidamarina.info\/wp-content\/uploads\/MPG_0570.jpg?fit=683%2C1024&#038;ssl=1\" src=\"https:\/\/i0.wp.com\/vidamarina.info\/wp-content\/uploads\/MPG_0570.jpg?w=221&#038;h=332&#038;ssl=1\" srcset=\"https:\/\/i0.wp.com\/vidamarina.info\/wp-content\/uploads\/MPG_0570.jpg?w=1024&amp;ssl=1 1024w, https:\/\/i0.wp.com\/vidamarina.info\/wp-content\/uploads\/MPG_0570.jpg?resize=200%2C300&amp;ssl=1 200w, https:\/\/i0.wp.com\/vidamarina.info\/wp-content\/uploads\/MPG_0570.jpg?resize=683%2C1024&amp;ssl=1 683w, https:\/\/i0.wp.com\/vidamarina.info\/wp-content\/uploads\/MPG_0570.jpg?resize=768%2C1152&amp;ssl=1 768w, https:\/\/i0.wp.com\/vidamarina.info\/wp-content\/uploads\/MPG_0570.jpg?resize=100%2C150&amp;ssl=1 100w\" width=\"221\" height=\"332\" loading=\"lazy\" data-original-width=\"221\" data-original-height=\"332\" itemprop=\"http:\/\/schema.org\/image\" title=\"Cratena peregrina por Miquel Pontes\" alt=\"Cratena peregrina por Miquel Pontes\" style=\"width: 221px; height: 332px;\" \/> <\/a> <div class=\"tiled-gallery-caption\" itemprop=\"caption description\"> Cratena peregrina por Miquel Pontes <\/div> <\/div> <\/div> <!-- close group --> <div class=\"gallery-group images-1\" style=\"width: 225px; height: 336px;\" data-original-width=\"225\" data-original-height=\"336\" > <div class=\"tiled-gallery-item tiled-gallery-item-small\" itemprop=\"associatedMedia\" itemscope itemtype=\"http:\/\/schema.org\/ImageObject\"> <a href=\"https:\/\/vidamarina.info\/?attachment_id=6753\" border=\"0\" itemprop=\"url\"> <meta itemprop=\"width\" content=\"221\"> <meta itemprop=\"height\" content=\"332\"> <img decoding=\"async\" class=\"\" data-attachment-id=\"6753\" data-orig-file=\"https:\/\/vidamarina.info\/wp-content\/uploads\/MPG_0571-Luisella-babai-by-Estrella-Ribo.jpg\" data-orig-size=\"478,718\" data-comments-opened=\"1\" data-image-title=\"Luisella babai por Estrella Rib\u00f3\" data-image-description=\"&lt;p&gt;Luisella babai por Estrella Rib\u00f3&lt;\/p&gt; \" data-medium-file=\"https:\/\/i0.wp.com\/vidamarina.info\/wp-content\/uploads\/MPG_0571-Luisella-babai-by-Estrella-Ribo.jpg?fit=200%2C300&#038;ssl=1\" data-large-file=\"https:\/\/i0.wp.com\/vidamarina.info\/wp-content\/uploads\/MPG_0571-Luisella-babai-by-Estrella-Ribo.jpg?fit=478%2C718&#038;ssl=1\" src=\"https:\/\/i0.wp.com\/vidamarina.info\/wp-content\/uploads\/MPG_0571-Luisella-babai-by-Estrella-Ribo.jpg?w=221&#038;h=332&#038;ssl=1\" srcset=\"https:\/\/i0.wp.com\/vidamarina.info\/wp-content\/uploads\/MPG_0571-Luisella-babai-by-Estrella-Ribo.jpg?w=478&amp;ssl=1 478w, https:\/\/i0.wp.com\/vidamarina.info\/wp-content\/uploads\/MPG_0571-Luisella-babai-by-Estrella-Ribo.jpg?resize=200%2C300&amp;ssl=1 200w, https:\/\/i0.wp.com\/vidamarina.info\/wp-content\/uploads\/MPG_0571-Luisella-babai-by-Estrella-Ribo.jpg?resize=100%2C150&amp;ssl=1 100w\" width=\"221\" height=\"332\" loading=\"lazy\" data-original-width=\"221\" data-original-height=\"332\" itemprop=\"http:\/\/schema.org\/image\" title=\"Luisella babai por Estrella Rib\u00f3\" alt=\"Luisella babai por Estrella Rib\u00f3\" style=\"width: 221px; height: 332px;\" \/> <\/a> <div class=\"tiled-gallery-caption\" itemprop=\"caption description\"> Luisella babai por Estrella Rib\u00f3 <\/div> <\/div> <\/div> <!-- close group --> <\/div> <!-- close row --> <div class=\"gallery-row\" style=\"width: 900px; height: 673px;\" data-original-width=\"900\" data-original-height=\"673\" > <div class=\"gallery-group images-1\" style=\"width: 450px; height: 673px;\" data-original-width=\"450\" data-original-height=\"673\" > <div class=\"tiled-gallery-item tiled-gallery-item-large\" itemprop=\"associatedMedia\" itemscope itemtype=\"http:\/\/schema.org\/ImageObject\"> <a href=\"https:\/\/vidamarina.info\/?attachment_id=6754\" border=\"0\" itemprop=\"url\"> <meta itemprop=\"width\" content=\"446\"> <meta itemprop=\"height\" content=\"669\"> <img decoding=\"async\" class=\"\" data-attachment-id=\"6754\" data-orig-file=\"https:\/\/vidamarina.info\/wp-content\/uploads\/MPG_0578.jpg\" data-orig-size=\"617,925\" data-comments-opened=\"1\" data-image-title=\"Trinchesia ocellata por Miquel Pontes\" data-image-description=\"&lt;p&gt;Trinchesia ocellata por Miquel Pontes&lt;\/p&gt; \" data-medium-file=\"https:\/\/i0.wp.com\/vidamarina.info\/wp-content\/uploads\/MPG_0578.jpg?fit=200%2C300&#038;ssl=1\" data-large-file=\"https:\/\/i0.wp.com\/vidamarina.info\/wp-content\/uploads\/MPG_0578.jpg?fit=617%2C925&#038;ssl=1\" src=\"https:\/\/i0.wp.com\/vidamarina.info\/wp-content\/uploads\/MPG_0578.jpg?w=446&#038;h=669&#038;ssl=1\" srcset=\"https:\/\/i0.wp.com\/vidamarina.info\/wp-content\/uploads\/MPG_0578.jpg?w=617&amp;ssl=1 617w, https:\/\/i0.wp.com\/vidamarina.info\/wp-content\/uploads\/MPG_0578.jpg?resize=200%2C300&amp;ssl=1 200w, https:\/\/i0.wp.com\/vidamarina.info\/wp-content\/uploads\/MPG_0578.jpg?resize=100%2C150&amp;ssl=1 100w\" width=\"446\" height=\"669\" loading=\"lazy\" data-original-width=\"446\" data-original-height=\"669\" itemprop=\"http:\/\/schema.org\/image\" title=\"Trinchesia ocellata por Miquel Pontes\" alt=\"Trinchesia ocellata por Miquel Pontes\" style=\"width: 446px; height: 669px;\" \/> <\/a> <div class=\"tiled-gallery-caption\" itemprop=\"caption description\"> Trinchesia ocellata por Miquel Pontes <\/div> <\/div> <\/div> <!-- close group --> <div class=\"gallery-group images-1\" style=\"width: 450px; height: 673px;\" data-original-width=\"450\" data-original-height=\"673\" > <div class=\"tiled-gallery-item tiled-gallery-item-large\" itemprop=\"associatedMedia\" itemscope itemtype=\"http:\/\/schema.org\/ImageObject\"> <a href=\"https:\/\/vidamarina.info\/?attachment_id=6755\" border=\"0\" itemprop=\"url\"> <meta itemprop=\"width\" content=\"446\"> <meta itemprop=\"height\" content=\"669\"> <img decoding=\"async\" class=\"\" data-attachment-id=\"6755\" data-orig-file=\"https:\/\/vidamarina.info\/wp-content\/uploads\/MPG_0581.jpg\" data-orig-size=\"1024,1536\" data-comments-opened=\"1\" data-image-title=\"Puesta de Doto koenneckeri por Miquel Pontes\" data-image-description=\"&lt;p&gt;Puesta de Doto koenneckeri por Miquel Pontes&lt;\/p&gt; \" data-medium-file=\"https:\/\/i0.wp.com\/vidamarina.info\/wp-content\/uploads\/MPG_0581.jpg?fit=200%2C300&#038;ssl=1\" data-large-file=\"https:\/\/i0.wp.com\/vidamarina.info\/wp-content\/uploads\/MPG_0581.jpg?fit=683%2C1024&#038;ssl=1\" src=\"https:\/\/i0.wp.com\/vidamarina.info\/wp-content\/uploads\/MPG_0581.jpg?w=446&#038;h=669&#038;ssl=1\" srcset=\"https:\/\/i0.wp.com\/vidamarina.info\/wp-content\/uploads\/MPG_0581.jpg?w=1024&amp;ssl=1 1024w, https:\/\/i0.wp.com\/vidamarina.info\/wp-content\/uploads\/MPG_0581.jpg?resize=200%2C300&amp;ssl=1 200w, https:\/\/i0.wp.com\/vidamarina.info\/wp-content\/uploads\/MPG_0581.jpg?resize=683%2C1024&amp;ssl=1 683w, https:\/\/i0.wp.com\/vidamarina.info\/wp-content\/uploads\/MPG_0581.jpg?resize=768%2C1152&amp;ssl=1 768w, https:\/\/i0.wp.com\/vidamarina.info\/wp-content\/uploads\/MPG_0581.jpg?resize=100%2C150&amp;ssl=1 100w\" width=\"446\" height=\"669\" loading=\"lazy\" data-original-width=\"446\" data-original-height=\"669\" itemprop=\"http:\/\/schema.org\/image\" title=\"Puesta de Doto koenneckeri por Miquel Pontes\" alt=\"Puesta de Doto koenneckeri por Miquel Pontes\" style=\"width: 446px; height: 669px;\" \/> <\/a> <div class=\"tiled-gallery-caption\" itemprop=\"caption description\"> Puesta de Doto koenneckeri por Miquel Pontes <\/div> <\/div> <\/div> <!-- close group --> <\/div> <!-- close row --> <div class=\"gallery-row\" style=\"width: 900px; height: 336px;\" data-original-width=\"900\" data-original-height=\"336\" > <div class=\"gallery-group images-1\" style=\"width: 225px; height: 336px;\" data-original-width=\"225\" data-original-height=\"336\" > <div class=\"tiled-gallery-item tiled-gallery-item-small\" itemprop=\"associatedMedia\" itemscope itemtype=\"http:\/\/schema.org\/ImageObject\"> <a href=\"https:\/\/vidamarina.info\/?attachment_id=6756\" border=\"0\" itemprop=\"url\"> <meta itemprop=\"width\" content=\"221\"> <meta itemprop=\"height\" content=\"332\"> <img decoding=\"async\" class=\"\" data-attachment-id=\"6756\" data-orig-file=\"https:\/\/vidamarina.info\/wp-content\/uploads\/MPG_0611.jpg\" data-orig-size=\"1024,1536\" data-comments-opened=\"1\" data-image-title=\"Thalassoma pavo por Miquel Pontes\" data-image-description=\"&lt;p&gt;Thalassoma pavo por Miquel Pontes&lt;\/p&gt; \" data-medium-file=\"https:\/\/i0.wp.com\/vidamarina.info\/wp-content\/uploads\/MPG_0611.jpg?fit=200%2C300&#038;ssl=1\" data-large-file=\"https:\/\/i0.wp.com\/vidamarina.info\/wp-content\/uploads\/MPG_0611.jpg?fit=683%2C1024&#038;ssl=1\" src=\"https:\/\/i0.wp.com\/vidamarina.info\/wp-content\/uploads\/MPG_0611.jpg?w=221&#038;h=332&#038;ssl=1\" srcset=\"https:\/\/i0.wp.com\/vidamarina.info\/wp-content\/uploads\/MPG_0611.jpg?w=1024&amp;ssl=1 1024w, https:\/\/i0.wp.com\/vidamarina.info\/wp-content\/uploads\/MPG_0611.jpg?resize=200%2C300&amp;ssl=1 200w, https:\/\/i0.wp.com\/vidamarina.info\/wp-content\/uploads\/MPG_0611.jpg?resize=683%2C1024&amp;ssl=1 683w, https:\/\/i0.wp.com\/vidamarina.info\/wp-content\/uploads\/MPG_0611.jpg?resize=768%2C1152&amp;ssl=1 768w, https:\/\/i0.wp.com\/vidamarina.info\/wp-content\/uploads\/MPG_0611.jpg?resize=100%2C150&amp;ssl=1 100w\" width=\"221\" height=\"332\" loading=\"lazy\" data-original-width=\"221\" data-original-height=\"332\" itemprop=\"http:\/\/schema.org\/image\" title=\"Thalassoma pavo por Miquel Pontes\" alt=\"Thalassoma pavo por Miquel Pontes\" style=\"width: 221px; height: 332px;\" \/> <\/a> <div class=\"tiled-gallery-caption\" itemprop=\"caption description\"> Thalassoma pavo por Miquel Pontes <\/div> <\/div> <\/div> <!-- close group --> <div class=\"gallery-group images-1\" style=\"width: 225px; height: 336px;\" data-original-width=\"225\" data-original-height=\"336\" > <div class=\"tiled-gallery-item tiled-gallery-item-small\" itemprop=\"associatedMedia\" itemscope itemtype=\"http:\/\/schema.org\/ImageObject\"> <a href=\"https:\/\/vidamarina.info\/?attachment_id=6757\" border=\"0\" itemprop=\"url\"> <meta itemprop=\"width\" content=\"221\"> <meta itemprop=\"height\" content=\"332\"> <img decoding=\"async\" class=\"\" data-attachment-id=\"6757\" data-orig-file=\"https:\/\/vidamarina.info\/wp-content\/uploads\/MPG_0616.jpg\" data-orig-size=\"1024,1536\" data-comments-opened=\"1\" data-image-title=\"Treptacantha squarrosa por Miquel Pontes\" data-image-description=\"&lt;p&gt;Treptacantha squarrosa por Miquel Pontes&lt;\/p&gt; \" data-medium-file=\"https:\/\/i0.wp.com\/vidamarina.info\/wp-content\/uploads\/MPG_0616.jpg?fit=200%2C300&#038;ssl=1\" data-large-file=\"https:\/\/i0.wp.com\/vidamarina.info\/wp-content\/uploads\/MPG_0616.jpg?fit=683%2C1024&#038;ssl=1\" src=\"https:\/\/i0.wp.com\/vidamarina.info\/wp-content\/uploads\/MPG_0616.jpg?w=221&#038;h=332&#038;ssl=1\" srcset=\"https:\/\/i0.wp.com\/vidamarina.info\/wp-content\/uploads\/MPG_0616.jpg?w=1024&amp;ssl=1 1024w, https:\/\/i0.wp.com\/vidamarina.info\/wp-content\/uploads\/MPG_0616.jpg?resize=200%2C300&amp;ssl=1 200w, https:\/\/i0.wp.com\/vidamarina.info\/wp-content\/uploads\/MPG_0616.jpg?resize=683%2C1024&amp;ssl=1 683w, https:\/\/i0.wp.com\/vidamarina.info\/wp-content\/uploads\/MPG_0616.jpg?resize=768%2C1152&amp;ssl=1 768w, https:\/\/i0.wp.com\/vidamarina.info\/wp-content\/uploads\/MPG_0616.jpg?resize=100%2C150&amp;ssl=1 100w\" width=\"221\" height=\"332\" loading=\"lazy\" data-original-width=\"221\" data-original-height=\"332\" itemprop=\"http:\/\/schema.org\/image\" title=\"Treptacantha squarrosa por Miquel Pontes\" alt=\"Treptacantha squarrosa por Miquel Pontes\" style=\"width: 221px; height: 332px;\" \/> <\/a> <div class=\"tiled-gallery-caption\" itemprop=\"caption description\"> Treptacantha squarrosa por Miquel Pontes <\/div> <\/div> <\/div> <!-- close group --> <div class=\"gallery-group images-1\" style=\"width: 225px; height: 336px;\" data-original-width=\"225\" data-original-height=\"336\" > <div class=\"tiled-gallery-item tiled-gallery-item-small\" itemprop=\"associatedMedia\" itemscope itemtype=\"http:\/\/schema.org\/ImageObject\"> <a href=\"https:\/\/vidamarina.info\/?attachment_id=6758\" border=\"0\" itemprop=\"url\"> <meta itemprop=\"width\" content=\"221\"> <meta itemprop=\"height\" content=\"332\"> <img decoding=\"async\" class=\"\" data-attachment-id=\"6758\" data-orig-file=\"https:\/\/vidamarina.info\/wp-content\/uploads\/MPG_0621.jpg\" data-orig-size=\"1024,1536\" data-comments-opened=\"1\" data-image-title=\"Muraena helena por Miquel Pontes\" data-image-description=\"&lt;p&gt;Muraena helena por Miquel Pontes&lt;\/p&gt; \" data-medium-file=\"https:\/\/i0.wp.com\/vidamarina.info\/wp-content\/uploads\/MPG_0621.jpg?fit=200%2C300&#038;ssl=1\" data-large-file=\"https:\/\/i0.wp.com\/vidamarina.info\/wp-content\/uploads\/MPG_0621.jpg?fit=683%2C1024&#038;ssl=1\" src=\"https:\/\/i0.wp.com\/vidamarina.info\/wp-content\/uploads\/MPG_0621.jpg?w=221&#038;h=332&#038;ssl=1\" srcset=\"https:\/\/i0.wp.com\/vidamarina.info\/wp-content\/uploads\/MPG_0621.jpg?w=1024&amp;ssl=1 1024w, https:\/\/i0.wp.com\/vidamarina.info\/wp-content\/uploads\/MPG_0621.jpg?resize=200%2C300&amp;ssl=1 200w, https:\/\/i0.wp.com\/vidamarina.info\/wp-content\/uploads\/MPG_0621.jpg?resize=683%2C1024&amp;ssl=1 683w, https:\/\/i0.wp.com\/vidamarina.info\/wp-content\/uploads\/MPG_0621.jpg?resize=768%2C1152&amp;ssl=1 768w, https:\/\/i0.wp.com\/vidamarina.info\/wp-content\/uploads\/MPG_0621.jpg?resize=100%2C150&amp;ssl=1 100w\" width=\"221\" height=\"332\" loading=\"lazy\" data-original-width=\"221\" data-original-height=\"332\" itemprop=\"http:\/\/schema.org\/image\" title=\"Muraena helena por Miquel Pontes\" alt=\"Muraena helena por Miquel Pontes\" style=\"width: 221px; height: 332px;\" \/> <\/a> <div class=\"tiled-gallery-caption\" itemprop=\"caption description\"> Muraena helena por Miquel Pontes <\/div> <\/div> <\/div> <!-- close group --> <div class=\"gallery-group images-1\" style=\"width: 225px; height: 336px;\" data-original-width=\"225\" data-original-height=\"336\" > <div class=\"tiled-gallery-item tiled-gallery-item-small\" itemprop=\"associatedMedia\" itemscope itemtype=\"http:\/\/schema.org\/ImageObject\"> <a href=\"https:\/\/vidamarina.info\/?attachment_id=6759\" border=\"0\" itemprop=\"url\"> <meta itemprop=\"width\" content=\"221\"> <meta itemprop=\"height\" content=\"332\"> <img decoding=\"async\" class=\"\" data-attachment-id=\"6759\" data-orig-file=\"https:\/\/vidamarina.info\/wp-content\/uploads\/MPG_0629.jpg\" data-orig-size=\"1024,1536\" data-comments-opened=\"1\" data-image-title=\"Nemesignis banyulensis por Miquel Pontes\" data-image-description=\"&lt;p&gt;Nemesignis banyulensis por Miquel Pontes&lt;\/p&gt; \" data-medium-file=\"https:\/\/i0.wp.com\/vidamarina.info\/wp-content\/uploads\/MPG_0629.jpg?fit=200%2C300&#038;ssl=1\" data-large-file=\"https:\/\/i0.wp.com\/vidamarina.info\/wp-content\/uploads\/MPG_0629.jpg?fit=683%2C1024&#038;ssl=1\" src=\"https:\/\/i0.wp.com\/vidamarina.info\/wp-content\/uploads\/MPG_0629.jpg?w=221&#038;h=332&#038;ssl=1\" srcset=\"https:\/\/i0.wp.com\/vidamarina.info\/wp-content\/uploads\/MPG_0629.jpg?w=1024&amp;ssl=1 1024w, https:\/\/i0.wp.com\/vidamarina.info\/wp-content\/uploads\/MPG_0629.jpg?resize=200%2C300&amp;ssl=1 200w, https:\/\/i0.wp.com\/vidamarina.info\/wp-content\/uploads\/MPG_0629.jpg?resize=683%2C1024&amp;ssl=1 683w, https:\/\/i0.wp.com\/vidamarina.info\/wp-content\/uploads\/MPG_0629.jpg?resize=768%2C1152&amp;ssl=1 768w, https:\/\/i0.wp.com\/vidamarina.info\/wp-content\/uploads\/MPG_0629.jpg?resize=100%2C150&amp;ssl=1 100w\" width=\"221\" height=\"332\" loading=\"lazy\" data-original-width=\"221\" data-original-height=\"332\" itemprop=\"http:\/\/schema.org\/image\" title=\"Nemesignis banyulensis por Miquel Pontes\" alt=\"Nemesignis banyulensis por Miquel Pontes\" style=\"width: 221px; height: 332px;\" \/> <\/a> <div class=\"tiled-gallery-caption\" itemprop=\"caption description\"> Nemesignis banyulensis por Miquel Pontes <\/div> <\/div> <\/div> <!-- close group --> <\/div> <!-- close row --> <div class=\"gallery-row\" style=\"width: 900px; height: 448px;\" data-original-width=\"900\" data-original-height=\"448\" > <div class=\"gallery-group images-1\" style=\"width: 300px; height: 448px;\" data-original-width=\"300\" data-original-height=\"448\" > <div class=\"tiled-gallery-item tiled-gallery-item-large\" itemprop=\"associatedMedia\" itemscope itemtype=\"http:\/\/schema.org\/ImageObject\"> <a href=\"https:\/\/vidamarina.info\/?attachment_id=6760\" border=\"0\" itemprop=\"url\"> <meta itemprop=\"width\" content=\"296\"> <meta itemprop=\"height\" content=\"444\"> <img decoding=\"async\" class=\"\" data-attachment-id=\"6760\" data-orig-file=\"https:\/\/vidamarina.info\/wp-content\/uploads\/MPG_0632.jpg\" data-orig-size=\"1024,1536\" data-comments-opened=\"1\" data-image-title=\"Bugulina turbinata por Miquel Pontes\" data-image-description=\"&lt;p&gt;Bugulina turbinata por Miquel Pontes&lt;\/p&gt; \" data-medium-file=\"https:\/\/i0.wp.com\/vidamarina.info\/wp-content\/uploads\/MPG_0632.jpg?fit=200%2C300&#038;ssl=1\" data-large-file=\"https:\/\/i0.wp.com\/vidamarina.info\/wp-content\/uploads\/MPG_0632.jpg?fit=683%2C1024&#038;ssl=1\" src=\"https:\/\/i0.wp.com\/vidamarina.info\/wp-content\/uploads\/MPG_0632.jpg?w=296&#038;h=444&#038;ssl=1\" srcset=\"https:\/\/i0.wp.com\/vidamarina.info\/wp-content\/uploads\/MPG_0632.jpg?w=1024&amp;ssl=1 1024w, https:\/\/i0.wp.com\/vidamarina.info\/wp-content\/uploads\/MPG_0632.jpg?resize=200%2C300&amp;ssl=1 200w, https:\/\/i0.wp.com\/vidamarina.info\/wp-content\/uploads\/MPG_0632.jpg?resize=683%2C1024&amp;ssl=1 683w, https:\/\/i0.wp.com\/vidamarina.info\/wp-content\/uploads\/MPG_0632.jpg?resize=768%2C1152&amp;ssl=1 768w, https:\/\/i0.wp.com\/vidamarina.info\/wp-content\/uploads\/MPG_0632.jpg?resize=100%2C150&amp;ssl=1 100w\" width=\"296\" height=\"444\" loading=\"lazy\" data-original-width=\"296\" data-original-height=\"444\" itemprop=\"http:\/\/schema.org\/image\" title=\"Bugulina turbinata por Miquel Pontes\" alt=\"Bugulina turbinata por Miquel Pontes\" style=\"width: 296px; height: 444px;\" \/> <\/a> <div class=\"tiled-gallery-caption\" itemprop=\"caption description\"> Bugulina turbinata por Miquel Pontes <\/div> <\/div> <\/div> <!-- close group --> <div class=\"gallery-group images-1\" style=\"width: 300px; height: 448px;\" data-original-width=\"300\" data-original-height=\"448\" > <div class=\"tiled-gallery-item tiled-gallery-item-large\" itemprop=\"associatedMedia\" itemscope itemtype=\"http:\/\/schema.org\/ImageObject\"> <a href=\"https:\/\/vidamarina.info\/?attachment_id=6761\" border=\"0\" itemprop=\"url\"> <meta itemprop=\"width\" content=\"296\"> <meta itemprop=\"height\" content=\"444\"> <img decoding=\"async\" class=\"\" data-attachment-id=\"6761\" data-orig-file=\"https:\/\/vidamarina.info\/wp-content\/uploads\/MPG_0633.jpg\" data-orig-size=\"1024,1536\" data-comments-opened=\"1\" data-image-title=\"Diplosoma spongiforme por Miquel Pontes\" data-image-description=\"&lt;p&gt;Diplosoma spongiforme por Miquel Pontes&lt;\/p&gt; \" data-medium-file=\"https:\/\/i0.wp.com\/vidamarina.info\/wp-content\/uploads\/MPG_0633.jpg?fit=200%2C300&#038;ssl=1\" data-large-file=\"https:\/\/i0.wp.com\/vidamarina.info\/wp-content\/uploads\/MPG_0633.jpg?fit=683%2C1024&#038;ssl=1\" src=\"https:\/\/i0.wp.com\/vidamarina.info\/wp-content\/uploads\/MPG_0633.jpg?w=296&#038;h=444&#038;ssl=1\" srcset=\"https:\/\/i0.wp.com\/vidamarina.info\/wp-content\/uploads\/MPG_0633.jpg?w=1024&amp;ssl=1 1024w, https:\/\/i0.wp.com\/vidamarina.info\/wp-content\/uploads\/MPG_0633.jpg?resize=200%2C300&amp;ssl=1 200w, https:\/\/i0.wp.com\/vidamarina.info\/wp-content\/uploads\/MPG_0633.jpg?resize=683%2C1024&amp;ssl=1 683w, https:\/\/i0.wp.com\/vidamarina.info\/wp-content\/uploads\/MPG_0633.jpg?resize=768%2C1152&amp;ssl=1 768w, https:\/\/i0.wp.com\/vidamarina.info\/wp-content\/uploads\/MPG_0633.jpg?resize=100%2C150&amp;ssl=1 100w\" width=\"296\" height=\"444\" loading=\"lazy\" data-original-width=\"296\" data-original-height=\"444\" itemprop=\"http:\/\/schema.org\/image\" title=\"Diplosoma spongiforme por Miquel Pontes\" alt=\"Diplosoma spongiforme por Miquel Pontes\" style=\"width: 296px; height: 444px;\" \/> <\/a> <div class=\"tiled-gallery-caption\" itemprop=\"caption description\"> Diplosoma spongiforme por Miquel Pontes <\/div> <\/div> <\/div> <!-- close group --> <div class=\"gallery-group images-1\" style=\"width: 300px; height: 448px;\" data-original-width=\"300\" data-original-height=\"448\" > <div class=\"tiled-gallery-item tiled-gallery-item-large\" itemprop=\"associatedMedia\" itemscope itemtype=\"http:\/\/schema.org\/ImageObject\"> <a href=\"https:\/\/vidamarina.info\/?attachment_id=6762\" border=\"0\" itemprop=\"url\"> <meta itemprop=\"width\" content=\"296\"> <meta itemprop=\"height\" content=\"444\"> <img decoding=\"async\" class=\"\" data-attachment-id=\"6762\" data-orig-file=\"https:\/\/vidamarina.info\/wp-content\/uploads\/MPG_0635.jpg\" data-orig-size=\"1024,1536\" data-comments-opened=\"1\" data-image-title=\"Schizobrachiella sanguinea por Miquel Pontes\" data-image-description=\"&lt;p&gt;Schizobrachiella sanguinea por Miquel Pontes&lt;\/p&gt; \" data-medium-file=\"https:\/\/i0.wp.com\/vidamarina.info\/wp-content\/uploads\/MPG_0635.jpg?fit=200%2C300&#038;ssl=1\" data-large-file=\"https:\/\/i0.wp.com\/vidamarina.info\/wp-content\/uploads\/MPG_0635.jpg?fit=683%2C1024&#038;ssl=1\" src=\"https:\/\/i0.wp.com\/vidamarina.info\/wp-content\/uploads\/MPG_0635.jpg?w=296&#038;h=444&#038;ssl=1\" srcset=\"https:\/\/i0.wp.com\/vidamarina.info\/wp-content\/uploads\/MPG_0635.jpg?w=1024&amp;ssl=1 1024w, https:\/\/i0.wp.com\/vidamarina.info\/wp-content\/uploads\/MPG_0635.jpg?resize=200%2C300&amp;ssl=1 200w, https:\/\/i0.wp.com\/vidamarina.info\/wp-content\/uploads\/MPG_0635.jpg?resize=683%2C1024&amp;ssl=1 683w, https:\/\/i0.wp.com\/vidamarina.info\/wp-content\/uploads\/MPG_0635.jpg?resize=768%2C1152&amp;ssl=1 768w, https:\/\/i0.wp.com\/vidamarina.info\/wp-content\/uploads\/MPG_0635.jpg?resize=100%2C150&amp;ssl=1 100w\" width=\"296\" height=\"444\" loading=\"lazy\" data-original-width=\"296\" data-original-height=\"444\" itemprop=\"http:\/\/schema.org\/image\" title=\"Schizobrachiella sanguinea por Miquel Pontes\" alt=\"Schizobrachiella sanguinea por Miquel Pontes\" style=\"width: 296px; height: 444px;\" \/> <\/a> <div class=\"tiled-gallery-caption\" itemprop=\"caption description\"> Schizobrachiella sanguinea por Miquel Pontes <\/div> <\/div> <\/div> <!-- close group --> <\/div> <!-- close row --> <div class=\"gallery-row\" style=\"width: 900px; height: 336px;\" data-original-width=\"900\" data-original-height=\"336\" > <div class=\"gallery-group images-1\" style=\"width: 225px; height: 336px;\" data-original-width=\"225\" data-original-height=\"336\" > <div class=\"tiled-gallery-item tiled-gallery-item-small\" itemprop=\"associatedMedia\" itemscope itemtype=\"http:\/\/schema.org\/ImageObject\"> <a href=\"https:\/\/vidamarina.info\/?attachment_id=6763\" border=\"0\" itemprop=\"url\"> <meta itemprop=\"width\" content=\"221\"> <meta itemprop=\"height\" content=\"332\"> <img decoding=\"async\" class=\"\" data-attachment-id=\"6763\" data-orig-file=\"https:\/\/vidamarina.info\/wp-content\/uploads\/MPG_0641.jpg\" data-orig-size=\"1024,1536\" data-comments-opened=\"1\" data-image-title=\"Cladocora caespitosa por Miquel Pontes\" data-image-description=\"&lt;p&gt;Cladocora caespitosa por Miquel Pontes&lt;\/p&gt; \" data-medium-file=\"https:\/\/i0.wp.com\/vidamarina.info\/wp-content\/uploads\/MPG_0641.jpg?fit=200%2C300&#038;ssl=1\" data-large-file=\"https:\/\/i0.wp.com\/vidamarina.info\/wp-content\/uploads\/MPG_0641.jpg?fit=683%2C1024&#038;ssl=1\" src=\"https:\/\/i0.wp.com\/vidamarina.info\/wp-content\/uploads\/MPG_0641.jpg?w=221&#038;h=332&#038;ssl=1\" srcset=\"https:\/\/i0.wp.com\/vidamarina.info\/wp-content\/uploads\/MPG_0641.jpg?w=1024&amp;ssl=1 1024w, https:\/\/i0.wp.com\/vidamarina.info\/wp-content\/uploads\/MPG_0641.jpg?resize=200%2C300&amp;ssl=1 200w, https:\/\/i0.wp.com\/vidamarina.info\/wp-content\/uploads\/MPG_0641.jpg?resize=683%2C1024&amp;ssl=1 683w, https:\/\/i0.wp.com\/vidamarina.info\/wp-content\/uploads\/MPG_0641.jpg?resize=768%2C1152&amp;ssl=1 768w, https:\/\/i0.wp.com\/vidamarina.info\/wp-content\/uploads\/MPG_0641.jpg?resize=100%2C150&amp;ssl=1 100w\" width=\"221\" height=\"332\" loading=\"lazy\" data-original-width=\"221\" data-original-height=\"332\" itemprop=\"http:\/\/schema.org\/image\" title=\"Cladocora caespitosa por Miquel Pontes\" alt=\"Cladocora caespitosa por Miquel Pontes\" style=\"width: 221px; height: 332px;\" \/> <\/a> <div class=\"tiled-gallery-caption\" itemprop=\"caption description\"> Cladocora caespitosa por Miquel Pontes <\/div> <\/div> <\/div> <!-- close group --> <div class=\"gallery-group images-1\" style=\"width: 225px; height: 336px;\" data-original-width=\"225\" data-original-height=\"336\" > <div class=\"tiled-gallery-item tiled-gallery-item-small\" itemprop=\"associatedMedia\" itemscope itemtype=\"http:\/\/schema.org\/ImageObject\"> <a href=\"https:\/\/vidamarina.info\/?attachment_id=6764\" border=\"0\" itemprop=\"url\"> <meta itemprop=\"width\" content=\"221\"> <meta itemprop=\"height\" content=\"332\"> <img decoding=\"async\" class=\"\" data-attachment-id=\"6764\" data-orig-file=\"https:\/\/vidamarina.info\/wp-content\/uploads\/MPG_0643.jpg\" data-orig-size=\"1024,1536\" data-comments-opened=\"1\" data-image-title=\"Prostheceraeus roseus por Miquel Pontes\" data-image-description=\"&lt;p&gt;Prostheceraeus roseus por Miquel Pontes&lt;\/p&gt; \" data-medium-file=\"https:\/\/i0.wp.com\/vidamarina.info\/wp-content\/uploads\/MPG_0643.jpg?fit=200%2C300&#038;ssl=1\" data-large-file=\"https:\/\/i0.wp.com\/vidamarina.info\/wp-content\/uploads\/MPG_0643.jpg?fit=683%2C1024&#038;ssl=1\" src=\"https:\/\/i0.wp.com\/vidamarina.info\/wp-content\/uploads\/MPG_0643.jpg?w=221&#038;h=332&#038;ssl=1\" srcset=\"https:\/\/i0.wp.com\/vidamarina.info\/wp-content\/uploads\/MPG_0643.jpg?w=1024&amp;ssl=1 1024w, https:\/\/i0.wp.com\/vidamarina.info\/wp-content\/uploads\/MPG_0643.jpg?resize=200%2C300&amp;ssl=1 200w, https:\/\/i0.wp.com\/vidamarina.info\/wp-content\/uploads\/MPG_0643.jpg?resize=683%2C1024&amp;ssl=1 683w, https:\/\/i0.wp.com\/vidamarina.info\/wp-content\/uploads\/MPG_0643.jpg?resize=768%2C1152&amp;ssl=1 768w, https:\/\/i0.wp.com\/vidamarina.info\/wp-content\/uploads\/MPG_0643.jpg?resize=100%2C150&amp;ssl=1 100w\" width=\"221\" height=\"332\" loading=\"lazy\" data-original-width=\"221\" data-original-height=\"332\" itemprop=\"http:\/\/schema.org\/image\" title=\"Prostheceraeus roseus por Miquel Pontes\" alt=\"Prostheceraeus roseus por Miquel Pontes\" style=\"width: 221px; height: 332px;\" \/> <\/a> <div class=\"tiled-gallery-caption\" itemprop=\"caption description\"> Prostheceraeus roseus por Miquel Pontes <\/div> <\/div> <\/div> <!-- close group --> <div class=\"gallery-group images-1\" style=\"width: 225px; height: 336px;\" data-original-width=\"225\" data-original-height=\"336\" > <div class=\"tiled-gallery-item tiled-gallery-item-small\" itemprop=\"associatedMedia\" itemscope itemtype=\"http:\/\/schema.org\/ImageObject\"> <a href=\"https:\/\/vidamarina.info\/?attachment_id=6765\" border=\"0\" itemprop=\"url\"> <meta itemprop=\"width\" content=\"221\"> <meta itemprop=\"height\" content=\"332\"> <img decoding=\"async\" class=\"\" data-attachment-id=\"6765\" data-orig-file=\"https:\/\/vidamarina.info\/wp-content\/uploads\/MPG_0644.jpg\" data-orig-size=\"1024,1536\" data-comments-opened=\"1\" data-image-title=\"Echinaster sepositus por Miquel Pontes\" data-image-description=\"&lt;p&gt;Echinaster sepositus por Miquel Pontes&lt;\/p&gt; \" data-medium-file=\"https:\/\/i0.wp.com\/vidamarina.info\/wp-content\/uploads\/MPG_0644.jpg?fit=200%2C300&#038;ssl=1\" data-large-file=\"https:\/\/i0.wp.com\/vidamarina.info\/wp-content\/uploads\/MPG_0644.jpg?fit=683%2C1024&#038;ssl=1\" src=\"https:\/\/i0.wp.com\/vidamarina.info\/wp-content\/uploads\/MPG_0644.jpg?w=221&#038;h=332&#038;ssl=1\" srcset=\"https:\/\/i0.wp.com\/vidamarina.info\/wp-content\/uploads\/MPG_0644.jpg?w=1024&amp;ssl=1 1024w, https:\/\/i0.wp.com\/vidamarina.info\/wp-content\/uploads\/MPG_0644.jpg?resize=200%2C300&amp;ssl=1 200w, https:\/\/i0.wp.com\/vidamarina.info\/wp-content\/uploads\/MPG_0644.jpg?resize=683%2C1024&amp;ssl=1 683w, https:\/\/i0.wp.com\/vidamarina.info\/wp-content\/uploads\/MPG_0644.jpg?resize=768%2C1152&amp;ssl=1 768w, https:\/\/i0.wp.com\/vidamarina.info\/wp-content\/uploads\/MPG_0644.jpg?resize=100%2C150&amp;ssl=1 100w\" width=\"221\" height=\"332\" loading=\"lazy\" data-original-width=\"221\" data-original-height=\"332\" itemprop=\"http:\/\/schema.org\/image\" title=\"Echinaster sepositus por Miquel Pontes\" alt=\"Echinaster sepositus por Miquel Pontes\" style=\"width: 221px; height: 332px;\" \/> <\/a> <div class=\"tiled-gallery-caption\" itemprop=\"caption description\"> Echinaster sepositus por Miquel Pontes <\/div> <\/div> <\/div> <!-- close group --> <div class=\"gallery-group images-1\" style=\"width: 225px; height: 336px;\" data-original-width=\"225\" data-original-height=\"336\" > <div class=\"tiled-gallery-item tiled-gallery-item-small\" itemprop=\"associatedMedia\" itemscope itemtype=\"http:\/\/schema.org\/ImageObject\"> <a href=\"https:\/\/vidamarina.info\/?attachment_id=6766\" border=\"0\" itemprop=\"url\"> <meta itemprop=\"width\" content=\"221\"> <meta itemprop=\"height\" content=\"332\"> <img decoding=\"async\" class=\"\" data-attachment-id=\"6766\" data-orig-file=\"https:\/\/vidamarina.info\/wp-content\/uploads\/MPG_0647.jpg\" data-orig-size=\"1024,1536\" data-comments-opened=\"1\" data-image-title=\"Puesta de Doto koenneckeri por Miquel Pontes\" data-image-description=\"&lt;p&gt;Puesta de Doto koenneckeri por Miquel Pontes&lt;\/p&gt; \" data-medium-file=\"https:\/\/i0.wp.com\/vidamarina.info\/wp-content\/uploads\/MPG_0647.jpg?fit=200%2C300&#038;ssl=1\" data-large-file=\"https:\/\/i0.wp.com\/vidamarina.info\/wp-content\/uploads\/MPG_0647.jpg?fit=683%2C1024&#038;ssl=1\" src=\"https:\/\/i0.wp.com\/vidamarina.info\/wp-content\/uploads\/MPG_0647.jpg?w=221&#038;h=332&#038;ssl=1\" srcset=\"https:\/\/i0.wp.com\/vidamarina.info\/wp-content\/uploads\/MPG_0647.jpg?w=1024&amp;ssl=1 1024w, https:\/\/i0.wp.com\/vidamarina.info\/wp-content\/uploads\/MPG_0647.jpg?resize=200%2C300&amp;ssl=1 200w, https:\/\/i0.wp.com\/vidamarina.info\/wp-content\/uploads\/MPG_0647.jpg?resize=683%2C1024&amp;ssl=1 683w, https:\/\/i0.wp.com\/vidamarina.info\/wp-content\/uploads\/MPG_0647.jpg?resize=768%2C1152&amp;ssl=1 768w, https:\/\/i0.wp.com\/vidamarina.info\/wp-content\/uploads\/MPG_0647.jpg?resize=100%2C150&amp;ssl=1 100w\" width=\"221\" height=\"332\" loading=\"lazy\" data-original-width=\"221\" data-original-height=\"332\" itemprop=\"http:\/\/schema.org\/image\" title=\"Puesta de Doto koenneckeri por Miquel Pontes\" alt=\"Puesta de Doto koenneckeri por Miquel Pontes\" style=\"width: 221px; height: 332px;\" \/> <\/a> <div class=\"tiled-gallery-caption\" itemprop=\"caption description\"> Puesta de Doto koenneckeri por Miquel Pontes <\/div> <\/div> <\/div> <!-- close group --> <\/div> <!-- close row --> <div class=\"gallery-row\" style=\"width: 900px; height: 673px;\" data-original-width=\"900\" data-original-height=\"673\" > <div class=\"gallery-group images-1\" style=\"width: 450px; height: 673px;\" data-original-width=\"450\" data-original-height=\"673\" > <div class=\"tiled-gallery-item tiled-gallery-item-large\" itemprop=\"associatedMedia\" itemscope itemtype=\"http:\/\/schema.org\/ImageObject\"> <a href=\"https:\/\/vidamarina.info\/?attachment_id=6767\" border=\"0\" itemprop=\"url\"> <meta itemprop=\"width\" content=\"446\"> <meta itemprop=\"height\" content=\"669\"> <img decoding=\"async\" class=\"\" data-attachment-id=\"6767\" data-orig-file=\"https:\/\/vidamarina.info\/wp-content\/uploads\/MPG_0648.jpg\" data-orig-size=\"1024,1536\" data-comments-opened=\"1\" data-image-title=\"Puesta de Doto rosea por Miquel Pontes\" data-image-description=\"&lt;p&gt;Puesta de Doto rosea por Miquel Pontes&lt;\/p&gt; \" data-medium-file=\"https:\/\/i0.wp.com\/vidamarina.info\/wp-content\/uploads\/MPG_0648.jpg?fit=200%2C300&#038;ssl=1\" data-large-file=\"https:\/\/i0.wp.com\/vidamarina.info\/wp-content\/uploads\/MPG_0648.jpg?fit=683%2C1024&#038;ssl=1\" src=\"https:\/\/i0.wp.com\/vidamarina.info\/wp-content\/uploads\/MPG_0648.jpg?w=446&#038;h=669&#038;ssl=1\" srcset=\"https:\/\/i0.wp.com\/vidamarina.info\/wp-content\/uploads\/MPG_0648.jpg?w=1024&amp;ssl=1 1024w, https:\/\/i0.wp.com\/vidamarina.info\/wp-content\/uploads\/MPG_0648.jpg?resize=200%2C300&amp;ssl=1 200w, https:\/\/i0.wp.com\/vidamarina.info\/wp-content\/uploads\/MPG_0648.jpg?resize=683%2C1024&amp;ssl=1 683w, https:\/\/i0.wp.com\/vidamarina.info\/wp-content\/uploads\/MPG_0648.jpg?resize=768%2C1152&amp;ssl=1 768w, https:\/\/i0.wp.com\/vidamarina.info\/wp-content\/uploads\/MPG_0648.jpg?resize=100%2C150&amp;ssl=1 100w\" width=\"446\" height=\"669\" loading=\"lazy\" data-original-width=\"446\" data-original-height=\"669\" itemprop=\"http:\/\/schema.org\/image\" title=\"Puesta de Doto rosea por Miquel Pontes\" alt=\"Puesta de Doto rosea por Miquel Pontes\" style=\"width: 446px; height: 669px;\" \/> <\/a> <div class=\"tiled-gallery-caption\" itemprop=\"caption description\"> Puesta de Doto rosea por Miquel Pontes <\/div> <\/div> <\/div> <!-- close group --> <div class=\"gallery-group images-1\" style=\"width: 450px; height: 673px;\" data-original-width=\"450\" data-original-height=\"673\" > <div class=\"tiled-gallery-item tiled-gallery-item-large\" itemprop=\"associatedMedia\" itemscope itemtype=\"http:\/\/schema.org\/ImageObject\"> <a href=\"https:\/\/vidamarina.info\/?attachment_id=6768\" border=\"0\" itemprop=\"url\"> <meta itemprop=\"width\" content=\"446\"> <meta itemprop=\"height\" content=\"669\"> <img decoding=\"async\" class=\"\" data-attachment-id=\"6768\" data-orig-file=\"https:\/\/vidamarina.info\/wp-content\/uploads\/MPG_0651.jpg\" data-orig-size=\"1024,1536\" data-comments-opened=\"1\" data-image-title=\"Palinurus elephas (exuvio) por Miquel Pontes\" data-image-description=\"&lt;p&gt;Palinurus elephas (exuvio) por Miquel Pontes&lt;\/p&gt; \" data-medium-file=\"https:\/\/i0.wp.com\/vidamarina.info\/wp-content\/uploads\/MPG_0651.jpg?fit=200%2C300&#038;ssl=1\" data-large-file=\"https:\/\/i0.wp.com\/vidamarina.info\/wp-content\/uploads\/MPG_0651.jpg?fit=683%2C1024&#038;ssl=1\" src=\"https:\/\/i0.wp.com\/vidamarina.info\/wp-content\/uploads\/MPG_0651.jpg?w=446&#038;h=669&#038;ssl=1\" srcset=\"https:\/\/i0.wp.com\/vidamarina.info\/wp-content\/uploads\/MPG_0651.jpg?w=1024&amp;ssl=1 1024w, https:\/\/i0.wp.com\/vidamarina.info\/wp-content\/uploads\/MPG_0651.jpg?resize=200%2C300&amp;ssl=1 200w, https:\/\/i0.wp.com\/vidamarina.info\/wp-content\/uploads\/MPG_0651.jpg?resize=683%2C1024&amp;ssl=1 683w, https:\/\/i0.wp.com\/vidamarina.info\/wp-content\/uploads\/MPG_0651.jpg?resize=768%2C1152&amp;ssl=1 768w, https:\/\/i0.wp.com\/vidamarina.info\/wp-content\/uploads\/MPG_0651.jpg?resize=100%2C150&amp;ssl=1 100w\" width=\"446\" height=\"669\" loading=\"lazy\" data-original-width=\"446\" data-original-height=\"669\" itemprop=\"http:\/\/schema.org\/image\" title=\"Palinurus elephas (exuvio) por Miquel Pontes\" alt=\"Palinurus elephas (exuvio) por Miquel Pontes\" style=\"width: 446px; height: 669px;\" \/> <\/a> <div class=\"tiled-gallery-caption\" itemprop=\"caption description\"> Palinurus elephas (exuvio) por Miquel Pontes <\/div> <\/div> <\/div> <!-- close group --> <\/div> <!-- close row --> <div class=\"gallery-row\" style=\"width: 900px; height: 673px;\" data-original-width=\"900\" data-original-height=\"673\" > <div class=\"gallery-group images-1\" style=\"width: 450px; height: 673px;\" data-original-width=\"450\" data-original-height=\"673\" > <div class=\"tiled-gallery-item tiled-gallery-item-large\" itemprop=\"associatedMedia\" itemscope itemtype=\"http:\/\/schema.org\/ImageObject\"> <a href=\"https:\/\/vidamarina.info\/?attachment_id=6769\" border=\"0\" itemprop=\"url\"> <meta itemprop=\"width\" content=\"446\"> <meta itemprop=\"height\" content=\"669\"> <img decoding=\"async\" class=\"\" data-attachment-id=\"6769\" data-orig-file=\"https:\/\/vidamarina.info\/wp-content\/uploads\/MPG_0653.jpg\" data-orig-size=\"1024,1536\" data-comments-opened=\"1\" data-image-title=\"Antedon mediterranea por Miquel Pontes\" data-image-description=\"&lt;p&gt;Antedon mediterranea por Miquel Pontes&lt;\/p&gt; \" data-medium-file=\"https:\/\/i0.wp.com\/vidamarina.info\/wp-content\/uploads\/MPG_0653.jpg?fit=200%2C300&#038;ssl=1\" data-large-file=\"https:\/\/i0.wp.com\/vidamarina.info\/wp-content\/uploads\/MPG_0653.jpg?fit=683%2C1024&#038;ssl=1\" src=\"https:\/\/i0.wp.com\/vidamarina.info\/wp-content\/uploads\/MPG_0653.jpg?w=446&#038;h=669&#038;ssl=1\" srcset=\"https:\/\/i0.wp.com\/vidamarina.info\/wp-content\/uploads\/MPG_0653.jpg?w=1024&amp;ssl=1 1024w, https:\/\/i0.wp.com\/vidamarina.info\/wp-content\/uploads\/MPG_0653.jpg?resize=200%2C300&amp;ssl=1 200w, https:\/\/i0.wp.com\/vidamarina.info\/wp-content\/uploads\/MPG_0653.jpg?resize=683%2C1024&amp;ssl=1 683w, https:\/\/i0.wp.com\/vidamarina.info\/wp-content\/uploads\/MPG_0653.jpg?resize=768%2C1152&amp;ssl=1 768w, https:\/\/i0.wp.com\/vidamarina.info\/wp-content\/uploads\/MPG_0653.jpg?resize=100%2C150&amp;ssl=1 100w\" width=\"446\" height=\"669\" loading=\"lazy\" data-original-width=\"446\" data-original-height=\"669\" itemprop=\"http:\/\/schema.org\/image\" title=\"Antedon mediterranea por Miquel Pontes\" alt=\"Antedon mediterranea por Miquel Pontes\" style=\"width: 446px; height: 669px;\" \/> <\/a> <div class=\"tiled-gallery-caption\" itemprop=\"caption description\"> Antedon mediterranea por Miquel Pontes <\/div> <\/div> <\/div> <!-- close group --> <div class=\"gallery-group images-1\" style=\"width: 450px; height: 673px;\" data-original-width=\"450\" data-original-height=\"673\" > <div class=\"tiled-gallery-item tiled-gallery-item-large\" itemprop=\"associatedMedia\" itemscope itemtype=\"http:\/\/schema.org\/ImageObject\"> <a href=\"https:\/\/vidamarina.info\/?attachment_id=6770\" border=\"0\" itemprop=\"url\"> <meta itemprop=\"width\" content=\"446\"> <meta itemprop=\"height\" content=\"669\"> <img decoding=\"async\" class=\"\" data-attachment-id=\"6770\" data-orig-file=\"https:\/\/vidamarina.info\/wp-content\/uploads\/MPG_0655-1.jpg\" data-orig-size=\"1024,1536\" data-comments-opened=\"1\" data-image-title=\"Plumas de mar Aglaophenia por Miquel Pontes\" data-image-description=\"&lt;p&gt;Plumas de mar Aglaophenia por Miquel Pontes&lt;\/p&gt; \" data-medium-file=\"https:\/\/i0.wp.com\/vidamarina.info\/wp-content\/uploads\/MPG_0655-1.jpg?fit=200%2C300&#038;ssl=1\" data-large-file=\"https:\/\/i0.wp.com\/vidamarina.info\/wp-content\/uploads\/MPG_0655-1.jpg?fit=683%2C1024&#038;ssl=1\" src=\"https:\/\/i0.wp.com\/vidamarina.info\/wp-content\/uploads\/MPG_0655-1.jpg?w=446&#038;h=669&#038;ssl=1\" srcset=\"https:\/\/i0.wp.com\/vidamarina.info\/wp-content\/uploads\/MPG_0655-1.jpg?w=1024&amp;ssl=1 1024w, https:\/\/i0.wp.com\/vidamarina.info\/wp-content\/uploads\/MPG_0655-1.jpg?resize=200%2C300&amp;ssl=1 200w, https:\/\/i0.wp.com\/vidamarina.info\/wp-content\/uploads\/MPG_0655-1.jpg?resize=683%2C1024&amp;ssl=1 683w, https:\/\/i0.wp.com\/vidamarina.info\/wp-content\/uploads\/MPG_0655-1.jpg?resize=768%2C1152&amp;ssl=1 768w, https:\/\/i0.wp.com\/vidamarina.info\/wp-content\/uploads\/MPG_0655-1.jpg?resize=100%2C150&amp;ssl=1 100w\" width=\"446\" height=\"669\" loading=\"lazy\" data-original-width=\"446\" data-original-height=\"669\" itemprop=\"http:\/\/schema.org\/image\" title=\"Plumas de mar Aglaophenia por Miquel Pontes\" alt=\"Plumas de mar Aglaophenia por Miquel Pontes\" style=\"width: 446px; height: 669px;\" \/> <\/a> <div class=\"tiled-gallery-caption\" itemprop=\"caption description\"> Plumas de mar Aglaophenia por Miquel Pontes <\/div> <\/div> <\/div> <!-- close group --> <\/div> <!-- close row --> <div class=\"gallery-row\" style=\"width: 900px; height: 448px;\" data-original-width=\"900\" data-original-height=\"448\" > <div class=\"gallery-group images-1\" style=\"width: 300px; height: 448px;\" data-original-width=\"300\" data-original-height=\"448\" > <div class=\"tiled-gallery-item tiled-gallery-item-large\" itemprop=\"associatedMedia\" itemscope itemtype=\"http:\/\/schema.org\/ImageObject\"> <a href=\"https:\/\/vidamarina.info\/?attachment_id=6771\" border=\"0\" itemprop=\"url\"> <meta itemprop=\"width\" content=\"296\"> <meta itemprop=\"height\" content=\"444\"> <img decoding=\"async\" class=\"\" data-attachment-id=\"6771\" data-orig-file=\"https:\/\/vidamarina.info\/wp-content\/uploads\/P4208597.jpg\" data-orig-size=\"1024,1536\" data-comments-opened=\"1\" data-image-title=\"Leptogorgia sarmentosa por Eul\u00e0lia Rod\u00e9s\" data-image-description=\"&lt;p&gt;Leptogorgia sarmentosa por Eul\u00e0lia Rod\u00e9s&lt;\/p&gt; \" data-medium-file=\"https:\/\/i0.wp.com\/vidamarina.info\/wp-content\/uploads\/P4208597.jpg?fit=200%2C300&#038;ssl=1\" data-large-file=\"https:\/\/i0.wp.com\/vidamarina.info\/wp-content\/uploads\/P4208597.jpg?fit=683%2C1024&#038;ssl=1\" src=\"https:\/\/i0.wp.com\/vidamarina.info\/wp-content\/uploads\/P4208597.jpg?w=296&#038;h=444&#038;ssl=1\" srcset=\"https:\/\/i0.wp.com\/vidamarina.info\/wp-content\/uploads\/P4208597.jpg?w=1024&amp;ssl=1 1024w, https:\/\/i0.wp.com\/vidamarina.info\/wp-content\/uploads\/P4208597.jpg?resize=200%2C300&amp;ssl=1 200w, https:\/\/i0.wp.com\/vidamarina.info\/wp-content\/uploads\/P4208597.jpg?resize=683%2C1024&amp;ssl=1 683w, https:\/\/i0.wp.com\/vidamarina.info\/wp-content\/uploads\/P4208597.jpg?resize=768%2C1152&amp;ssl=1 768w, https:\/\/i0.wp.com\/vidamarina.info\/wp-content\/uploads\/P4208597.jpg?resize=100%2C150&amp;ssl=1 100w\" width=\"296\" height=\"444\" loading=\"lazy\" data-original-width=\"296\" data-original-height=\"444\" itemprop=\"http:\/\/schema.org\/image\" title=\"Leptogorgia sarmentosa por Eul\u00e0lia Rod\u00e9s\" alt=\"Leptogorgia sarmentosa por Eul\u00e0lia Rod\u00e9s\" style=\"width: 296px; height: 444px;\" \/> <\/a> <div class=\"tiled-gallery-caption\" itemprop=\"caption description\"> Leptogorgia sarmentosa por Eul\u00e0lia Rod\u00e9s <\/div> <\/div> <\/div> <!-- close group --> <div class=\"gallery-group images-1\" style=\"width: 300px; height: 448px;\" data-original-width=\"300\" data-original-height=\"448\" > <div class=\"tiled-gallery-item tiled-gallery-item-large\" itemprop=\"associatedMedia\" itemscope itemtype=\"http:\/\/schema.org\/ImageObject\"> <a href=\"https:\/\/vidamarina.info\/?attachment_id=6772\" border=\"0\" itemprop=\"url\"> <meta itemprop=\"width\" content=\"296\"> <meta itemprop=\"height\" content=\"444\"> <img decoding=\"async\" class=\"\" data-attachment-id=\"6772\" data-orig-file=\"https:\/\/vidamarina.info\/wp-content\/uploads\/P4208603.jpg\" data-orig-size=\"1024,1536\" data-comments-opened=\"1\" data-image-title=\"Thysanozoon brocchii por Eul\u00e0lia Rod\u00e9s\" data-image-description=\"&lt;p&gt;Thysanozoon brocchii por Eul\u00e0lia Rod\u00e9s&lt;\/p&gt; \" data-medium-file=\"https:\/\/i0.wp.com\/vidamarina.info\/wp-content\/uploads\/P4208603.jpg?fit=200%2C300&#038;ssl=1\" data-large-file=\"https:\/\/i0.wp.com\/vidamarina.info\/wp-content\/uploads\/P4208603.jpg?fit=683%2C1024&#038;ssl=1\" src=\"https:\/\/i0.wp.com\/vidamarina.info\/wp-content\/uploads\/P4208603.jpg?w=296&#038;h=444&#038;ssl=1\" srcset=\"https:\/\/i0.wp.com\/vidamarina.info\/wp-content\/uploads\/P4208603.jpg?w=1024&amp;ssl=1 1024w, https:\/\/i0.wp.com\/vidamarina.info\/wp-content\/uploads\/P4208603.jpg?resize=200%2C300&amp;ssl=1 200w, https:\/\/i0.wp.com\/vidamarina.info\/wp-content\/uploads\/P4208603.jpg?resize=683%2C1024&amp;ssl=1 683w, https:\/\/i0.wp.com\/vidamarina.info\/wp-content\/uploads\/P4208603.jpg?resize=768%2C1152&amp;ssl=1 768w, https:\/\/i0.wp.com\/vidamarina.info\/wp-content\/uploads\/P4208603.jpg?resize=100%2C150&amp;ssl=1 100w\" width=\"296\" height=\"444\" loading=\"lazy\" data-original-width=\"296\" data-original-height=\"444\" itemprop=\"http:\/\/schema.org\/image\" title=\"Thysanozoon brocchii por Eul\u00e0lia Rod\u00e9s\" alt=\"Thysanozoon brocchii por Eul\u00e0lia Rod\u00e9s\" style=\"width: 296px; height: 444px;\" \/> <\/a> <div class=\"tiled-gallery-caption\" itemprop=\"caption description\"> Thysanozoon brocchii por Eul\u00e0lia Rod\u00e9s <\/div> <\/div> <\/div> <!-- close group --> <div class=\"gallery-group images-1\" style=\"width: 300px; height: 448px;\" data-original-width=\"300\" data-original-height=\"448\" > <div class=\"tiled-gallery-item tiled-gallery-item-large\" itemprop=\"associatedMedia\" itemscope itemtype=\"http:\/\/schema.org\/ImageObject\"> <a href=\"https:\/\/vidamarina.info\/?attachment_id=6773\" border=\"0\" itemprop=\"url\"> <meta itemprop=\"width\" content=\"296\"> <meta itemprop=\"height\" content=\"444\"> <img decoding=\"async\" class=\"\" data-attachment-id=\"6773\" data-orig-file=\"https:\/\/vidamarina.info\/wp-content\/uploads\/ZMoon-by-Estrella-Ribo.jpg\" data-orig-size=\"336,504\" data-comments-opened=\"1\" data-image-title=\"Moon la mascota del centro que cuid\u00f3 de todos nosotros. Foto de Estrella Rib\u00f3\" data-image-description=\"&lt;p&gt;Moon la mascota del centro que cuid\u00f3 de todos nosotros. Foto de Estrella Rib\u00f3&lt;\/p&gt; \" data-medium-file=\"https:\/\/i0.wp.com\/vidamarina.info\/wp-content\/uploads\/ZMoon-by-Estrella-Ribo.jpg?fit=200%2C300&#038;ssl=1\" data-large-file=\"https:\/\/i0.wp.com\/vidamarina.info\/wp-content\/uploads\/ZMoon-by-Estrella-Ribo.jpg?fit=336%2C504&#038;ssl=1\" src=\"https:\/\/i0.wp.com\/vidamarina.info\/wp-content\/uploads\/ZMoon-by-Estrella-Ribo.jpg?w=296&#038;h=444&#038;ssl=1\" srcset=\"https:\/\/i0.wp.com\/vidamarina.info\/wp-content\/uploads\/ZMoon-by-Estrella-Ribo.jpg?w=336&amp;ssl=1 336w, https:\/\/i0.wp.com\/vidamarina.info\/wp-content\/uploads\/ZMoon-by-Estrella-Ribo.jpg?resize=200%2C300&amp;ssl=1 200w, https:\/\/i0.wp.com\/vidamarina.info\/wp-content\/uploads\/ZMoon-by-Estrella-Ribo.jpg?resize=100%2C150&amp;ssl=1 100w\" width=\"296\" height=\"444\" loading=\"lazy\" data-original-width=\"296\" data-original-height=\"444\" itemprop=\"http:\/\/schema.org\/image\" title=\"Moon la mascota del centro que cuid\u00f3 de todos nosotros. Foto de Estrella Rib\u00f3\" alt=\"Moon la mascota del centro que cuid\u00f3 de todos nosotros. Foto de Estrella Rib\u00f3\" style=\"width: 296px; height: 444px;\" \/> <\/a> <div class=\"tiled-gallery-caption\" itemprop=\"caption description\"> Moon la mascota del centro que cuid\u00f3 de todos nosotros. Foto de Estrella Rib\u00f3 <\/div> <\/div> <\/div> <!-- close group --> <\/div> <!-- close row --> <\/div>\n<p>&nbsp;<\/p>\n<p>&nbsp;<\/p>\n<table width=\"100%\" align=\"center\">\n<tbody>\n<tr>\n<td colspan=\"2\" align=\"center\"><a href=\"https:\/\/vidamarina.info\"><img data-recalc-dims=\"1\" loading=\"lazy\" decoding=\"async\" data-attachment-id=\"6\" data-permalink=\"https:\/\/vidamarina.info\/?attachment_id=6\" data-orig-file=\"https:\/\/i0.wp.com\/vidamarina.info\/wp-content\/uploads\/2018\/11\/VIMAR.png?fit=640%2C640&amp;ssl=1\" data-orig-size=\"640,640\" data-comments-opened=\"1\" data-image-title=\"VIMAR\" data-image-description=\"&lt;p&gt;VIMAR &amp;#8211; Vida Marina&lt;\/p&gt;\n\" data-image-caption=\"&lt;p&gt;VIMAR &amp;#8211; Vida Marina&lt;\/p&gt;\n\" data-large-file=\"https:\/\/i0.wp.com\/vidamarina.info\/wp-content\/uploads\/2018\/11\/VIMAR.png?fit=640%2C640&amp;ssl=1\" class=\"aligncenter wp-image-6\" src=\"https:\/\/i0.wp.com\/vidamarina.info\/wp-content\/uploads\/2018\/11\/VIMAR.png?resize=150%2C150&#038;ssl=1\" alt=\"VIMAR - Vida Marina\" width=\"150\" height=\"150\" srcset=\"https:\/\/i0.wp.com\/vidamarina.info\/wp-content\/uploads\/2018\/11\/VIMAR.png?resize=150%2C150&amp;ssl=1 150w, https:\/\/i0.wp.com\/vidamarina.info\/wp-content\/uploads\/2018\/11\/VIMAR.png?resize=300%2C300&amp;ssl=1 300w, https:\/\/i0.wp.com\/vidamarina.info\/wp-content\/uploads\/2018\/11\/VIMAR.png?resize=100%2C100&amp;ssl=1 100w, https:\/\/i0.wp.com\/vidamarina.info\/wp-content\/uploads\/2018\/11\/VIMAR.png?w=640&amp;ssl=1 640w\" sizes=\"auto, (max-width: 150px) 100vw, 150px\" \/><\/a><\/td>\n<td colspan=\"2\" align=\"center\"><a href=\"https:\/\/www.diversdiving.es\"><img data-recalc-dims=\"1\" loading=\"lazy\" decoding=\"async\" data-attachment-id=\"6741\" data-permalink=\"https:\/\/vidamarina.info\/?attachment_id=6741\" data-orig-file=\"https:\/\/i0.wp.com\/vidamarina.info\/wp-content\/uploads\/DiversLogo.jpg?fit=400%2C160&amp;ssl=1\" data-orig-size=\"400,160\" data-comments-opened=\"1\" data-image-title=\"DiversLogo\" data-image-description=\"\" data-image-caption=\"\" data-large-file=\"https:\/\/i0.wp.com\/vidamarina.info\/wp-content\/uploads\/DiversLogo.jpg?fit=400%2C160&amp;ssl=1\" class=\"aligncenter wp-image-6741\" src=\"https:\/\/i0.wp.com\/vidamarina.info\/wp-content\/uploads\/DiversLogo.jpg?resize=190%2C76&#038;ssl=1\" alt=\"\" width=\"190\" height=\"76\" srcset=\"https:\/\/i0.wp.com\/vidamarina.info\/wp-content\/uploads\/DiversLogo.jpg?resize=300%2C120&amp;ssl=1 300w, https:\/\/i0.wp.com\/vidamarina.info\/wp-content\/uploads\/DiversLogo.jpg?resize=150%2C60&amp;ssl=1 150w, https:\/\/i0.wp.com\/vidamarina.info\/wp-content\/uploads\/DiversLogo.jpg?w=400&amp;ssl=1 400w\" sizes=\"auto, (max-width: 190px) 100vw, 190px\" \/><\/a><\/td>\n<td colspan=\"2\" align=\"center\"><a href=\"http:\/\/www.fecdas.cat\"><img data-recalc-dims=\"1\" loading=\"lazy\" decoding=\"async\" data-attachment-id=\"204\" data-permalink=\"https:\/\/vidamarina.info\/?attachment_id=204\" data-orig-file=\"https:\/\/i0.wp.com\/vidamarina.info\/wp-content\/uploads\/2018\/11\/Logo-FECDAS.gif?fit=1250%2C1250&amp;ssl=1\" data-orig-size=\"1250,1250\" data-comments-opened=\"1\" data-image-title=\"Logo FECDAS\" data-image-description=\"\" data-image-caption=\"\" data-large-file=\"https:\/\/i0.wp.com\/vidamarina.info\/wp-content\/uploads\/2018\/11\/Logo-FECDAS.gif?fit=900%2C900&amp;ssl=1\" class=\"wp-image-204\" src=\"https:\/\/i0.wp.com\/vidamarina.info\/wp-content\/uploads\/2018\/11\/Logo-FECDAS.gif?resize=100%2C100&#038;ssl=1\" alt=\"FECDAS\" width=\"100\" height=\"100\" srcset=\"https:\/\/i0.wp.com\/vidamarina.info\/wp-content\/uploads\/2018\/11\/Logo-FECDAS.gif?resize=150%2C150&amp;ssl=1 150w, https:\/\/i0.wp.com\/vidamarina.info\/wp-content\/uploads\/2018\/11\/Logo-FECDAS.gif?resize=300%2C300&amp;ssl=1 300w, https:\/\/i0.wp.com\/vidamarina.info\/wp-content\/uploads\/2018\/11\/Logo-FECDAS.gif?resize=768%2C768&amp;ssl=1 768w, https:\/\/i0.wp.com\/vidamarina.info\/wp-content\/uploads\/2018\/11\/Logo-FECDAS.gif?resize=1024%2C1024&amp;ssl=1 1024w\" sizes=\"auto, (max-width: 100px) 100vw, 100px\" \/><\/a><\/td>\n<\/tr>\n<tr>\n<td colspan=\"3\" align=\"center\"><a href=\"http:\/\/minka-sdg.org\"><img data-recalc-dims=\"1\" loading=\"lazy\" decoding=\"async\" data-attachment-id=\"252\" data-permalink=\"https:\/\/vidamarina.info\/?attachment_id=252\" data-orig-file=\"https:\/\/i0.wp.com\/vidamarina.info\/wp-content\/uploads\/2018\/11\/saita-diving.png?fit=152%2C154&amp;ssl=1\" data-orig-size=\"152,154\" data-comments-opened=\"1\" data-image-title=\"Saita Diving\" data-image-description=\"&lt;p&gt;Saita Diving&lt;\/p&gt;\n\" data-image-caption=\"&lt;p&gt;Saita Diving&lt;\/p&gt;\n\" data-large-file=\"https:\/\/i0.wp.com\/vidamarina.info\/wp-content\/uploads\/2018\/11\/saita-diving.png?fit=152%2C154&amp;ssl=1\" class=\"alignnone wp-image-252\" src=\"https:\/\/i0.wp.com\/vidamarina.info\/wp-content\/uploads\/minka.png?resize=130%2C37&#038;ssl=1\" alt=\"Minka\" width=\"130\" height=\"37\" \/><\/a><\/td>\n<td colspan=\"3\" align=\"center\"><a href=\"https:\/\/aneris.eu\"><img data-recalc-dims=\"1\" loading=\"lazy\" decoding=\"async\" data-attachment-id=\"252\" data-permalink=\"https:\/\/vidamarina.info\/?attachment_id=252\" data-orig-file=\"https:\/\/i0.wp.com\/vidamarina.info\/wp-content\/uploads\/2018\/11\/saita-diving.png?fit=152%2C154&amp;ssl=1\" data-orig-size=\"152,154\" data-comments-opened=\"1\" data-image-title=\"Saita Diving\" data-image-description=\"&lt;p&gt;Saita Diving&lt;\/p&gt;\n\" data-image-caption=\"&lt;p&gt;Saita Diving&lt;\/p&gt;\n\" data-large-file=\"https:\/\/i0.wp.com\/vidamarina.info\/wp-content\/uploads\/2018\/11\/saita-diving.png?fit=152%2C154&amp;ssl=1\" class=\"alignnone wp-image-252\" src=\"https:\/\/i0.wp.com\/vidamarina.info\/wp-content\/uploads\/aneris.png?resize=191%2C61&#038;ssl=1\" alt=\"ANERIS\" width=\"191\" height=\"61\" \/><\/a><\/td>\n<\/tr>\n<\/tbody>\n<\/table>\n<div class=\"wpcp-citation-box\"><p><b>Citar este art\u00edculo como:<\/b><\/p><p class=\"citacio\"><b>Miquel Pontes, <\/b> \"Muestreo de Biodiversidad Marina en Platja d&#8217;Aro (Abril 2024)\", en <em>VIMAR-Vida Marina<\/em>, publicado el 21\/04\/2024, accedido el 01\/09\/2026 en (<a href=\"https:\/\/vidamarina.info\/?p=6739\">https:\/\/vidamarina.info\/?p=6739<\/a>).<\/p><\/div>\n<div class=\"pvc_clear\"><\/div>\n<p id=\"pvc_stats_6739\" class=\"pvc_stats all  \" data-element-id=\"6739\" style=\"\"><i class=\"pvc-stats-icon medium\" aria-hidden=\"true\"><svg aria-hidden=\"true\" focusable=\"false\" data-prefix=\"far\" data-icon=\"chart-bar\" role=\"img\" xmlns=\"http:\/\/www.w3.org\/2000\/svg\" viewBox=\"0 0 512 512\" class=\"svg-inline--fa fa-chart-bar fa-w-16 fa-2x\"><path fill=\"currentColor\" d=\"M396.8 352h22.4c6.4 0 12.8-6.4 12.8-12.8V108.8c0-6.4-6.4-12.8-12.8-12.8h-22.4c-6.4 0-12.8 6.4-12.8 12.8v230.4c0 6.4 6.4 12.8 12.8 12.8zm-192 0h22.4c6.4 0 12.8-6.4 12.8-12.8V140.8c0-6.4-6.4-12.8-12.8-12.8h-22.4c-6.4 0-12.8 6.4-12.8 12.8v198.4c0 6.4 6.4 12.8 12.8 12.8zm96 0h22.4c6.4 0 12.8-6.4 12.8-12.8V204.8c0-6.4-6.4-12.8-12.8-12.8h-22.4c-6.4 0-12.8 6.4-12.8 12.8v134.4c0 6.4 6.4 12.8 12.8 12.8zM496 400H48V80c0-8.84-7.16-16-16-16H16C7.16 64 0 71.16 0 80v336c0 17.67 14.33 32 32 32h464c8.84 0 16-7.16 16-16v-16c0-8.84-7.16-16-16-16zm-387.2-48h22.4c6.4 0 12.8-6.4 12.8-12.8v-70.4c0-6.4-6.4-12.8-12.8-12.8h-22.4c-6.4 0-12.8 6.4-12.8 12.8v70.4c0 6.4 6.4 12.8 12.8 12.8z\" class=\"\"><\/path><\/svg><\/i> <img data-recalc-dims=\"1\" loading=\"lazy\" decoding=\"async\" width=\"16\" height=\"16\" alt=\"Loading\" src=\"https:\/\/i0.wp.com\/vidamarina.info\/wp-content\/plugins\/page-views-count\/ajax-loader-2x.gif?resize=16%2C16&#038;ssl=1\" border=0 \/><\/p>\n<div class=\"pvc_clear\"><\/div>\n","protected":false},"excerpt":{"rendered":"<p>Voluntarios de VIMAR participaron el pasado 20 de abril de 2024 en el primer muestreo de biodiversidad realizado en Platja d&#8217;Aro (Girona, Espa\u00f1a), organizado por FECDAS dentro del proyecto ANERIS, con el soporte log\u00edstico del centro de buceo DIVERS de Platja d&#8217;Aro.<\/p>\n<p class=\"continue-reading-button\"> <a class=\"continue-reading-link\" href=\"https:\/\/vidamarina.info\/?p=6739\">Leer m\u00e1s&#8230;<i class=\"crycon-right-dir\"><\/i><\/a><\/p>\n<div class=\"pvc_clear\"><\/div>\n<p id=\"pvc_stats_6739\" class=\"pvc_stats all  \" data-element-id=\"6739\" style=\"\"><i class=\"pvc-stats-icon medium\" aria-hidden=\"true\"><svg aria-hidden=\"true\" focusable=\"false\" data-prefix=\"far\" data-icon=\"chart-bar\" role=\"img\" xmlns=\"http:\/\/www.w3.org\/2000\/svg\" viewBox=\"0 0 512 512\" class=\"svg-inline--fa fa-chart-bar fa-w-16 fa-2x\"><path fill=\"currentColor\" d=\"M396.8 352h22.4c6.4 0 12.8-6.4 12.8-12.8V108.8c0-6.4-6.4-12.8-12.8-12.8h-22.4c-6.4 0-12.8 6.4-12.8 12.8v230.4c0 6.4 6.4 12.8 12.8 12.8zm-192 0h22.4c6.4 0 12.8-6.4 12.8-12.8V140.8c0-6.4-6.4-12.8-12.8-12.8h-22.4c-6.4 0-12.8 6.4-12.8 12.8v198.4c0 6.4 6.4 12.8 12.8 12.8zm96 0h22.4c6.4 0 12.8-6.4 12.8-12.8V204.8c0-6.4-6.4-12.8-12.8-12.8h-22.4c-6.4 0-12.8 6.4-12.8 12.8v134.4c0 6.4 6.4 12.8 12.8 12.8zM496 400H48V80c0-8.84-7.16-16-16-16H16C7.16 64 0 71.16 0 80v336c0 17.67 14.33 32 32 32h464c8.84 0 16-7.16 16-16v-16c0-8.84-7.16-16-16-16zm-387.2-48h22.4c6.4 0 12.8-6.4 12.8-12.8v-70.4c0-6.4-6.4-12.8-12.8-12.8h-22.4c-6.4 0-12.8 6.4-12.8 12.8v70.4c0 6.4 6.4 12.8 12.8 12.8z\" class=\"\"><\/path><\/svg><\/i> <img loading=\"lazy\" decoding=\"async\" width=\"16\" height=\"16\" alt=\"Loading\" src=\"https:\/\/vidamarina.info\/wp-content\/plugins\/page-views-count\/ajax-loader-2x.gif\" border=0 \/><\/p>\n<div class=\"pvc_clear\"><\/div>\n","protected":false},"author":1,"featured_media":6740,"comment_status":"open","ping_status":"open","sticky":false,"template":"","format":"standard","meta":{"_jetpack_newsletter_access":"","_jetpack_dont_email_post_to_subs":false,"_jetpack_newsletter_tier_id":0,"_jetpack_memberships_contains_paywalled_content":false,"_jetpack_feature_clip_id":0,"_jetpack_memberships_contains_paid_content":false,"footnotes":"","jetpack_post_was_ever_published":false},"categories":[9,234],"tags":[520,372,69,573,181,178,77,532,176,52,575,571,574,29,494],"coauthors":[272],"class_list":["post-6739","post","type-post","status-publish","format-standard","has-post-thumbnail","hentry","category-actividades-vimar","category-muestreos","tag-aneris","tag-babosas-marinas","tag-biodiversidad","tag-divers-diving-center","tag-estudio","tag-fauna","tag-fecdas","tag-minka","tag-muestreo","tag-nudibranquios","tag-palamos","tag-platja-daro","tag-roca-roja","tag-seguimiento","tag-vimar-vida-marina"],"a3_pvc":{"activated":true,"total_views":56,"today_views":0},"jetpack_sharing_enabled":true,"jetpack_shortlink":"https:\/\/wp.me\/parR2S-1KH","jetpack_featured_media_url":"https:\/\/i0.wp.com\/vidamarina.info\/wp-content\/uploads\/divers-by-Estrella-Ribo.jpg?fit=718%2C478&ssl=1","_links":{"self":[{"href":"https:\/\/vidamarina.info\/index.php?rest_route=\/wp\/v2\/posts\/6739","targetHints":{"allow":["GET"]}}],"collection":[{"href":"https:\/\/vidamarina.info\/index.php?rest_route=\/wp\/v2\/posts"}],"about":[{"href":"https:\/\/vidamarina.info\/index.php?rest_route=\/wp\/v2\/types\/post"}],"author":[{"embeddable":true,"href":"https:\/\/vidamarina.info\/index.php?rest_route=\/wp\/v2\/users\/1"}],"replies":[{"embeddable":true,"href":"https:\/\/vidamarina.info\/index.php?rest_route=%2Fwp%2Fv2%2Fcomments&post=6739"}],"version-history":[{"count":8,"href":"https:\/\/vidamarina.info\/index.php?rest_route=\/wp\/v2\/posts\/6739\/revisions"}],"predecessor-version":[{"id":6830,"href":"https:\/\/vidamarina.info\/index.php?rest_route=\/wp\/v2\/posts\/6739\/revisions\/6830"}],"wp:featuredmedia":[{"embeddable":true,"href":"https:\/\/vidamarina.info\/index.php?rest_route=\/wp\/v2\/media\/6740"}],"wp:attachment":[{"href":"https:\/\/vidamarina.info\/index.php?rest_route=%2Fwp%2Fv2%2Fmedia&parent=6739"}],"wp:term":[{"taxonomy":"category","embeddable":true,"href":"https:\/\/vidamarina.info\/index.php?rest_route=%2Fwp%2Fv2%2Fcategories&post=6739"},{"taxonomy":"post_tag","embeddable":true,"href":"https:\/\/vidamarina.info\/index.php?rest_route=%2Fwp%2Fv2%2Ftags&post=6739"},{"taxonomy":"author","embeddable":true,"href":"https:\/\/vidamarina.info\/index.php?rest_route=%2Fwp%2Fv2%2Fcoauthors&post=6739"}],"curies":[{"name":"wp","href":"https:\/\/api.w.org\/{rel}","templated":true}]}}